{"id":203050,"date":"2022-08-15T23:13:57","date_gmt":"2022-08-16T02:13:57","guid":{"rendered":"https:\/\/diarioregionaldigital.com.br\/?p=203050"},"modified":"2022-08-15T23:13:57","modified_gmt":"2022-08-16T02:13:57","slug":"bia-haddad-e-1a-brasileira-entre-as-20-melhores-tenistas-do-mundo","status":"publish","type":"post","link":"https:\/\/diarioregionaldigital.com.br\/?p=203050","title":{"rendered":"Bia Haddad \u00e9 1\u00aa brasileira entre as 20 melhores tenistas do mundo"},"content":{"rendered":"<p>A paulistana Bia Haddad tornou-se nesta segunda-feira (15) a n\u00famero 16 do mundo no ranking da Associa\u00e7\u00e3o Internacional de T\u00eanis Feminino (WTA), posi\u00e7\u00e3o at\u00e9 ent\u00e3o in\u00e9dita na carreira da atleta de 26 anos. \u00c9 a melhor classifica\u00e7\u00e3o de uma brasileira na hist\u00f3ria do t\u00eanis feminino do pa\u00eds na Era Aberta,\u00a0iniciada em 1968.\u00a0 Pouco antes, quem brilhava no circuito era a brasileira Maria Esther Bueno: \u00a0dos anos 1950 e in\u00edcio dos 1970 ela faturou oito t\u00edtulos de Grand Slam. No entanto, a pontua\u00e7\u00e3o para o ranking da WTA s\u00f3 come\u00e7ou a valer a partir de 1975.<img decoding=\"async\" src=\"https:\/\/agenciabrasil.ebc.com.br\/ebc.png?id=1476508&amp;o=node\" \/><img decoding=\"async\" src=\"https:\/\/agenciabrasil.ebc.com.br\/ebc.gif?id=1476508&amp;o=node\" \/><\/p>\n<p>Ap\u00f3s uma campanha hist\u00f3rica que resultou no vice-campeonato de simples do WTA 1000 de Toronto (Canad\u00e1) neste domingo (14), Bia Haddad saltou oito posi\u00e7\u00f5es no ranking: saiu do 24\u00ba lugar para o 16\u00ba. \u00a0Para chegar \u00e0 final contra a romena Simona Halep, Bia superou a n\u00famero 1 do mundo Iga Swiatek, Belinda Bencic (12\u00aa), Leylah Fernandez (13\u00aa), Karolina Pliskova (14\u00aa) e Martina Trevisan (26\u00aa).<\/p>\n<p>A brasileira j\u00e1 volta \u00e0 quadra nesta ter\u00e7a-feira (16) \u2013 hor\u00e1rio ainda indefinido \u2013 no \u00a0WTA 1000 de Cincinnati (Estados Unidos). A estreia ser\u00e1 contra a let\u00e3 Jelena Ostapenko (15\u00aa). Na disputa de duplas, Bia jogar\u00e1 ao lado da cazaque Anna Danilina contra a taiwanesa Latisha Chan\u00a0e a australiana Samantha Stosur.<\/p>\n<p>Neste ano Bia faturou os dois principais t\u00edtulos da carreira (os WTA 250 de Nottingham e Birmingham, ambos na Inglaterra), al\u00e9m de ser campe\u00e3 no WTA 125 de Saint Malo (Fran\u00e7a). J\u00e1 nas duplas a brasileira iniciou a temporada com\u00a0o t\u00edtulo no WTA 500 de Sidney (Austr\u00e1lia), ao lado de Danilina. Em junho, al\u00e9m do t\u00edtulo de simples levantou o trof\u00e9u de duplas no WTA 250 de Nottingham, desta vez em parceria com a chinesa Shuai Zhang.<\/p>\n<p><span style=\"font-weight: 400;\">Fonte: Ag\u00eancia Brasil <\/span><\/p>\n","protected":false},"excerpt":{"rendered":"<p>A paulistana Bia Haddad tornou-se nesta segunda-feira (15) a n\u00famero 16 do mundo no ranking da Associa\u00e7\u00e3o Internacional de T\u00eanis Feminino (WTA), posi\u00e7\u00e3o at\u00e9 ent\u00e3o in\u00e9dita na carreira da atleta de 26 anos. \u00c9 a melhor classifica\u00e7\u00e3o de uma brasileira na hist\u00f3ria do t\u00eanis feminino do pa\u00eds na Era Aberta,\u00a0iniciada em 1968.\u00a0 Pouco antes, quem [&hellip;]<\/p>\n","protected":false},"author":246,"featured_media":203051,"comment_status":"closed","ping_status":"closed","sticky":false,"template":"","format":"standard","meta":{"footnotes":""},"categories":[436,257,439],"tags":[],"class_list":["post-203050","post","type-post","status-publish","format-standard","has-post-thumbnail","hentry","category-destaque-da-semana","category-esporte","category-ultima-hora"],"_links":{"self":[{"href":"https:\/\/diarioregionaldigital.com.br\/index.php?rest_route=\/wp\/v2\/posts\/203050","targetHints":{"allow":["GET"]}}],"collection":[{"href":"https:\/\/diarioregionaldigital.com.br\/index.php?rest_route=\/wp\/v2\/posts"}],"about":[{"href":"https:\/\/diarioregionaldigital.com.br\/index.php?rest_route=\/wp\/v2\/types\/post"}],"author":[{"embeddable":true,"href":"https:\/\/diarioregionaldigital.com.br\/index.php?rest_route=\/wp\/v2\/users\/246"}],"replies":[{"embeddable":true,"href":"https:\/\/diarioregionaldigital.com.br\/index.php?rest_route=%2Fwp%2Fv2%2Fcomments&post=203050"}],"version-history":[{"count":1,"href":"https:\/\/diarioregionaldigital.com.br\/index.php?rest_route=\/wp\/v2\/posts\/203050\/revisions"}],"predecessor-version":[{"id":203052,"href":"https:\/\/diarioregionaldigital.com.br\/index.php?rest_route=\/wp\/v2\/posts\/203050\/revisions\/203052"}],"wp:featuredmedia":[{"embeddable":true,"href":"https:\/\/diarioregionaldigital.com.br\/index.php?rest_route=\/wp\/v2\/media\/203051"}],"wp:attachment":[{"href":"https:\/\/diarioregionaldigital.com.br\/index.php?rest_route=%2Fwp%2Fv2%2Fmedia&parent=203050"}],"wp:term":[{"taxonomy":"category","embeddable":true,"href":"https:\/\/diarioregionaldigital.com.br\/index.php?rest_route=%2Fwp%2Fv2%2Fcategories&post=203050"},{"taxonomy":"post_tag","embeddable":true,"href":"https:\/\/diarioregionaldigital.com.br\/index.php?rest_route=%2Fwp%2Fv2%2Ftags&post=203050"}],"curies":[{"name":"wp","href":"https:\/\/api.w.org\/{rel}","templated":true}]}}