{"id":203047,"date":"2022-08-15T23:12:06","date_gmt":"2022-08-16T02:12:06","guid":{"rendered":"https:\/\/diarioregionaldigital.com.br\/?p=203047"},"modified":"2022-08-15T23:12:06","modified_gmt":"2022-08-16T02:12:06","slug":"brasil-emplaca-prata-e-bronze-no-mundial-de-paraciclismo-de-estrada","status":"publish","type":"post","link":"https:\/\/diarioregionaldigital.com.br\/?p=203047","title":{"rendered":"Brasil emplaca prata e bronze no Mundial de paraciclismo de estrada"},"content":{"rendered":"<p>O Brasil teve dobradinha no Mundial de Paraciclismo de Estrada, em Baie-Comeau (Canad\u00e1), neste domingo (14). Medalhista ol\u00edmpico (bronze na Rio 2016), Lauro Chaman conquistou a prata na prova de resist\u00eancia de 81, 9 quil\u00f4metros na classe MC5 (para atletas com defici\u00eancia f\u00edsico-motora menos severa). \u00a0O compatriota Carlos Souza foi bronze, na prova de 70,2 km, classe MC1 (grau mais severo de comprometimento f\u00edsico).<img decoding=\"async\" src=\"https:\/\/agenciabrasil.ebc.com.br\/ebc.png?id=1476563&amp;o=node\" \/><img decoding=\"async\" src=\"https:\/\/agenciabrasil.ebc.com.br\/ebc.gif?id=1476563&amp;o=node\" \/><\/p>\n<p>Campe\u00e3o mundial no ano passado, Chaman batalhou pelo bi at\u00e9 os metros finais da disputa dos 81,9 km, mas n\u00e3o deu: o ouro ficou com o franc\u00eas Kevin Le Cunff, e o australiano Alistair Donohoe completou o p\u00f3dio com o bronze.<\/p>\n<p>&#8220;Sempre sou muito grato a Deus por todas essas conquistas, estou feliz por estar no p\u00f3dio mais uma vez. Claro que o objetivo maior era manter o t\u00edtulo, mas o franc\u00eas estava muito forte tamb\u00e9m e merece os parab\u00e9ns. Agora \u00e9 continuar batalhando para seguir somando pontos importantes para o Brasil no ranking mundial possibilitando conquistarmos o maior n\u00famero de vagas poss\u00edveis para Paris 2024&#8243;, disse o ciclista em depoimento \u00e0 Confedera\u00e7\u00e3o Brasileira de Ciclismo (CBC).<\/p>\n<p>Carlos Soares, representante brasileiro nos Jogos de T\u00f3quio, completou em terceiro lugar a prova dos\u00a0nos 70,2 km da classe MC1. O vencedor\u00a0foi o espanhol Ricardo Argiles, seguido do norte-americano Aaron Keith. que ficou com a prata.<\/p>\n<p>\u201cMinha meta era conseguir uma medalha no Mundial desse ano. A \u00faltima etapa da Copa do Mundo, disputada na semana passada, onde conquistei duas medalhas, fortaleceu ainda mais essa esperan\u00e7a e agora consegui conquistar essa t\u00e3o sonhada medalha na prova de resist\u00eancia. Foi um bronze, mas sem d\u00favidas tem um gostinho de ouro, al\u00e9m de uma import\u00e2ncia imensur\u00e1vel na minha carreira&#8221;, disse emocionado Soares.<\/p>\n<p>O Brasil encerrou sua participa\u00e7\u00e3o no Mundial com quatro medalhas (uma prata e tr\u00eas bronzes).<\/p>\n<p><span style=\"font-weight: 400;\">Fonte: Ag\u00eancia Brasil <\/span><\/p>\n","protected":false},"excerpt":{"rendered":"<p>O Brasil teve dobradinha no Mundial de Paraciclismo de Estrada, em Baie-Comeau (Canad\u00e1), neste domingo (14). Medalhista ol\u00edmpico (bronze na Rio 2016), Lauro Chaman conquistou a prata na prova de resist\u00eancia de 81, 9 quil\u00f4metros na classe MC5 (para atletas com defici\u00eancia f\u00edsico-motora menos severa). \u00a0O compatriota Carlos Souza foi bronze, na prova de 70,2 [&hellip;]<\/p>\n","protected":false},"author":246,"featured_media":203048,"comment_status":"closed","ping_status":"closed","sticky":false,"template":"","format":"standard","meta":{"footnotes":""},"categories":[436,257,439],"tags":[],"class_list":["post-203047","post","type-post","status-publish","format-standard","has-post-thumbnail","hentry","category-destaque-da-semana","category-esporte","category-ultima-hora"],"_links":{"self":[{"href":"https:\/\/diarioregionaldigital.com.br\/index.php?rest_route=\/wp\/v2\/posts\/203047","targetHints":{"allow":["GET"]}}],"collection":[{"href":"https:\/\/diarioregionaldigital.com.br\/index.php?rest_route=\/wp\/v2\/posts"}],"about":[{"href":"https:\/\/diarioregionaldigital.com.br\/index.php?rest_route=\/wp\/v2\/types\/post"}],"author":[{"embeddable":true,"href":"https:\/\/diarioregionaldigital.com.br\/index.php?rest_route=\/wp\/v2\/users\/246"}],"replies":[{"embeddable":true,"href":"https:\/\/diarioregionaldigital.com.br\/index.php?rest_route=%2Fwp%2Fv2%2Fcomments&post=203047"}],"version-history":[{"count":1,"href":"https:\/\/diarioregionaldigital.com.br\/index.php?rest_route=\/wp\/v2\/posts\/203047\/revisions"}],"predecessor-version":[{"id":203049,"href":"https:\/\/diarioregionaldigital.com.br\/index.php?rest_route=\/wp\/v2\/posts\/203047\/revisions\/203049"}],"wp:featuredmedia":[{"embeddable":true,"href":"https:\/\/diarioregionaldigital.com.br\/index.php?rest_route=\/wp\/v2\/media\/203048"}],"wp:attachment":[{"href":"https:\/\/diarioregionaldigital.com.br\/index.php?rest_route=%2Fwp%2Fv2%2Fmedia&parent=203047"}],"wp:term":[{"taxonomy":"category","embeddable":true,"href":"https:\/\/diarioregionaldigital.com.br\/index.php?rest_route=%2Fwp%2Fv2%2Fcategories&post=203047"},{"taxonomy":"post_tag","embeddable":true,"href":"https:\/\/diarioregionaldigital.com.br\/index.php?rest_route=%2Fwp%2Fv2%2Ftags&post=203047"}],"curies":[{"name":"wp","href":"https:\/\/api.w.org\/{rel}","templated":true}]}}