{"id":203035,"date":"2022-08-15T22:52:05","date_gmt":"2022-08-16T01:52:05","guid":{"rendered":"https:\/\/diarioregionaldigital.com.br\/?p=203035"},"modified":"2022-08-15T22:52:05","modified_gmt":"2022-08-16T01:52:05","slug":"stf-da-cinco-dias-para-manifestacao-em-acao-sobre-variola-dos-macacos","status":"publish","type":"post","link":"https:\/\/diarioregionaldigital.com.br\/?p=203035","title":{"rendered":"STF d\u00e1 cinco dias para manifesta\u00e7\u00e3o em a\u00e7\u00e3o sobre var\u00edola dos macacos"},"content":{"rendered":"<p>O ministro do Supremo Tribunal Federal (STF) Alexandre de Moraes concedeu hoje (15) prazo de cinco dias para que a Presid\u00eancia da Rep\u00fablica e os governadores de todos os estados se manifestem sobre a a\u00e7\u00e3o que pede a ado\u00e7\u00e3o de medidas contra a var\u00edola dos macacos.<img decoding=\"async\" src=\"https:\/\/agenciabrasil.ebc.com.br\/ebc.png?id=1476558&amp;o=node\" \/><img decoding=\"async\" src=\"https:\/\/agenciabrasil.ebc.com.br\/ebc.gif?id=1476558&amp;o=node\" \/><\/p>\n<p>Na decis\u00e3o, Moraes tamb\u00e9m quer ouvir os argumentos da Advocacia-Geral da Uni\u00e3o (AGU) e da Procuradoria-Geral da Rep\u00fablica (PGR) antes de decidir a quest\u00e3o.<\/p>\n<p>&#8220;Determino sejam solicitadas informa\u00e7\u00f5es sobre os pedidos cautelares formulados pelo requerente, a serem prestadas pelo presidente da Rep\u00fablica e pelos governadores dos estados, no prazo de cinco dias. Em sequ\u00eancia, confira-se vista dos autos ao advogado-geral da Uni\u00e3o e ao procurador-geral da Rep\u00fablica, sucessivamente, tamb\u00e9m no prazo de cinco dias&#8221;, decidiu.<\/p>\n<p>Na semana passada, o PSB entrou com uma a\u00e7\u00e3o no Supremo para alegar suposta omiss\u00e3o do governo federal no combate aos casos de var\u00edola dos macacos e pediu ado\u00e7\u00e3o de um plano nacional efetivo contra a doen\u00e7a.<\/p>\n<p><span style=\"font-weight: 400;\"><br \/>\n<\/span><span style=\"font-weight: 400;\">Fonte: Ag\u00eancia Brasil <\/span><\/p>\n","protected":false},"excerpt":{"rendered":"<p>O ministro do Supremo Tribunal Federal (STF) Alexandre de Moraes concedeu hoje (15) prazo de cinco dias para que a Presid\u00eancia da Rep\u00fablica e os governadores de todos os estados se manifestem sobre a a\u00e7\u00e3o que pede a ado\u00e7\u00e3o de medidas contra a var\u00edola dos macacos. Na decis\u00e3o, Moraes tamb\u00e9m quer ouvir os argumentos da [&hellip;]<\/p>\n","protected":false},"author":246,"featured_media":203036,"comment_status":"closed","ping_status":"closed","sticky":false,"template":"","format":"standard","meta":{"footnotes":""},"categories":[436,254,439],"tags":[],"class_list":["post-203035","post","type-post","status-publish","format-standard","has-post-thumbnail","hentry","category-destaque-da-semana","category-politica","category-ultima-hora"],"_links":{"self":[{"href":"https:\/\/diarioregionaldigital.com.br\/index.php?rest_route=\/wp\/v2\/posts\/203035","targetHints":{"allow":["GET"]}}],"collection":[{"href":"https:\/\/diarioregionaldigital.com.br\/index.php?rest_route=\/wp\/v2\/posts"}],"about":[{"href":"https:\/\/diarioregionaldigital.com.br\/index.php?rest_route=\/wp\/v2\/types\/post"}],"author":[{"embeddable":true,"href":"https:\/\/diarioregionaldigital.com.br\/index.php?rest_route=\/wp\/v2\/users\/246"}],"replies":[{"embeddable":true,"href":"https:\/\/diarioregionaldigital.com.br\/index.php?rest_route=%2Fwp%2Fv2%2Fcomments&post=203035"}],"version-history":[{"count":1,"href":"https:\/\/diarioregionaldigital.com.br\/index.php?rest_route=\/wp\/v2\/posts\/203035\/revisions"}],"predecessor-version":[{"id":203037,"href":"https:\/\/diarioregionaldigital.com.br\/index.php?rest_route=\/wp\/v2\/posts\/203035\/revisions\/203037"}],"wp:featuredmedia":[{"embeddable":true,"href":"https:\/\/diarioregionaldigital.com.br\/index.php?rest_route=\/wp\/v2\/media\/203036"}],"wp:attachment":[{"href":"https:\/\/diarioregionaldigital.com.br\/index.php?rest_route=%2Fwp%2Fv2%2Fmedia&parent=203035"}],"wp:term":[{"taxonomy":"category","embeddable":true,"href":"https:\/\/diarioregionaldigital.com.br\/index.php?rest_route=%2Fwp%2Fv2%2Fcategories&post=203035"},{"taxonomy":"post_tag","embeddable":true,"href":"https:\/\/diarioregionaldigital.com.br\/index.php?rest_route=%2Fwp%2Fv2%2Ftags&post=203035"}],"curies":[{"name":"wp","href":"https:\/\/api.w.org\/{rel}","templated":true}]}}