{"id":203025,"date":"2022-08-15T22:22:49","date_gmt":"2022-08-16T01:22:49","guid":{"rendered":"https:\/\/diarioregionaldigital.com.br\/?p=203025"},"modified":"2022-08-15T22:22:49","modified_gmt":"2022-08-16T01:22:49","slug":"petrobras-anuncia-reducao-de-r-018-na-gasolina-para-distribuidoras","status":"publish","type":"post","link":"https:\/\/diarioregionaldigital.com.br\/?p=203025","title":{"rendered":"Petrobras anuncia redu\u00e7\u00e3o de R$ 0,18 na gasolina para distribuidoras"},"content":{"rendered":"<p>A Petrobras vai reduzir amanh\u00e3 (16) o pre\u00e7o de venda da gasolina A para as distribuidoras de combust\u00edvel em R$ 0,18. O reajuste foi informado no in\u00edcio da tarde de\u00a0hoje\u00a0(15) pela estatal.<img decoding=\"async\" src=\"https:\/\/agenciabrasil.ebc.com.br\/ebc.png?id=1476498&amp;o=node\" \/><img decoding=\"async\" src=\"https:\/\/agenciabrasil.ebc.com.br\/ebc.gif?id=1476498&amp;o=node\" \/><\/p>\n<p>Com a redu\u00e7\u00e3o, o litro da gasolina vendido pela Petrobras deixar\u00e1 de custar R$ 3,71 e passar\u00e1 a custar R$ 3,53, em uma queda de cerca de 4,8%.<\/p>\n<p>A empresa afirma que &#8220;a redu\u00e7\u00e3o acompanha a evolu\u00e7\u00e3o dos pre\u00e7os de refer\u00eancia e \u00e9 coerente com a pr\u00e1tica de pre\u00e7os da Petrobras, que busca o equil\u00edbrio dos seus pre\u00e7os com o mercado global, mas sem o repasse para os pre\u00e7os internos da volatilidade conjuntural das cota\u00e7\u00f5es internacionais e da taxa de c\u00e2mbio&#8221;.<\/p>\n<p>Como a gasolina vendida nos postos de combust\u00edvel recebe mistura obrigat\u00f3ria de 27% de etanol anidro, a Petrobras calcula que a sua parcela no custo final da gasolina paga pelos motoristas passar\u00e1 a ser de R$ 2,57 para cada litro.<\/p>\n<p><span style=\"font-weight: 400;\"><br \/>\n<\/span><span style=\"font-weight: 400;\">Fonte: Ag\u00eancia Brasil <\/span><\/p>\n","protected":false},"excerpt":{"rendered":"<p>A Petrobras vai reduzir amanh\u00e3 (16) o pre\u00e7o de venda da gasolina A para as distribuidoras de combust\u00edvel em R$ 0,18. O reajuste foi informado no in\u00edcio da tarde de\u00a0hoje\u00a0(15) pela estatal. Com a redu\u00e7\u00e3o, o litro da gasolina vendido pela Petrobras deixar\u00e1 de custar R$ 3,71 e passar\u00e1 a custar R$ 3,53, em uma [&hellip;]<\/p>\n","protected":false},"author":246,"featured_media":203026,"comment_status":"closed","ping_status":"closed","sticky":false,"template":"","format":"standard","meta":{"footnotes":""},"categories":[436,261,439],"tags":[],"class_list":["post-203025","post","type-post","status-publish","format-standard","has-post-thumbnail","hentry","category-destaque-da-semana","category-economia","category-ultima-hora"],"_links":{"self":[{"href":"https:\/\/diarioregionaldigital.com.br\/index.php?rest_route=\/wp\/v2\/posts\/203025","targetHints":{"allow":["GET"]}}],"collection":[{"href":"https:\/\/diarioregionaldigital.com.br\/index.php?rest_route=\/wp\/v2\/posts"}],"about":[{"href":"https:\/\/diarioregionaldigital.com.br\/index.php?rest_route=\/wp\/v2\/types\/post"}],"author":[{"embeddable":true,"href":"https:\/\/diarioregionaldigital.com.br\/index.php?rest_route=\/wp\/v2\/users\/246"}],"replies":[{"embeddable":true,"href":"https:\/\/diarioregionaldigital.com.br\/index.php?rest_route=%2Fwp%2Fv2%2Fcomments&post=203025"}],"version-history":[{"count":2,"href":"https:\/\/diarioregionaldigital.com.br\/index.php?rest_route=\/wp\/v2\/posts\/203025\/revisions"}],"predecessor-version":[{"id":203028,"href":"https:\/\/diarioregionaldigital.com.br\/index.php?rest_route=\/wp\/v2\/posts\/203025\/revisions\/203028"}],"wp:featuredmedia":[{"embeddable":true,"href":"https:\/\/diarioregionaldigital.com.br\/index.php?rest_route=\/wp\/v2\/media\/203026"}],"wp:attachment":[{"href":"https:\/\/diarioregionaldigital.com.br\/index.php?rest_route=%2Fwp%2Fv2%2Fmedia&parent=203025"}],"wp:term":[{"taxonomy":"category","embeddable":true,"href":"https:\/\/diarioregionaldigital.com.br\/index.php?rest_route=%2Fwp%2Fv2%2Fcategories&post=203025"},{"taxonomy":"post_tag","embeddable":true,"href":"https:\/\/diarioregionaldigital.com.br\/index.php?rest_route=%2Fwp%2Fv2%2Ftags&post=203025"}],"curies":[{"name":"wp","href":"https:\/\/api.w.org\/{rel}","templated":true}]}}