{"id":203019,"date":"2022-08-15T22:14:20","date_gmt":"2022-08-16T01:14:20","guid":{"rendered":"https:\/\/diarioregionaldigital.com.br\/?p=203019"},"modified":"2022-08-15T22:14:20","modified_gmt":"2022-08-16T01:14:20","slug":"mercado-financeiro-reduz-projecao-de-inflacao-de-711-para-702","status":"publish","type":"post","link":"https:\/\/diarioregionaldigital.com.br\/?p=203019","title":{"rendered":"Mercado financeiro reduz proje\u00e7\u00e3o de infla\u00e7\u00e3o de 7,11% para 7,02%"},"content":{"rendered":"<p>O mercado financeiro reduziu, pela s\u00e9tima semana consecutiva, a previs\u00e3o de infla\u00e7\u00e3o para 2022. De acordo com o Boletim Focus, divulgado hoje (15) pelo Banco Central, 2022 deve fechar com alta de 7,02% no \u00cdndice Nacional de Pre\u00e7os ao Consumidor Amplo (IPCA).<img decoding=\"async\" src=\"https:\/\/agenciabrasil.ebc.com.br\/ebc.png?id=1476419&amp;o=node\" \/><img decoding=\"async\" src=\"https:\/\/agenciabrasil.ebc.com.br\/ebc.gif?id=1476419&amp;o=node\" \/><\/p>\n<p>H\u00e1 uma semana, o IPCA estava projetado em 7,11% para 2022; e h\u00e1 quatro semanas, em 7,54%.<\/p>\n<p>Para 2023, a infla\u00e7\u00e3o projetada \u00e9 de 5,38%. H\u00e1 uma semana, estava em 5,36%; e h\u00e1 quatro semanas, em 5,20%. Aumentou tamb\u00e9m a previs\u00e3o para 2024, de 3,3%, h\u00e1 uma semana, para 3,41%, segundo o boletim divulgado nesta segunda-feira. Para 2025, a proje\u00e7\u00e3o do mercado mant\u00e9m-se, h\u00e1 57 semanas, em 3%.<\/p>\n<h2>C\u00e2mbio e juros<\/h2>\n<p>O mercado financeiro tamb\u00e9m manteve as previs\u00f5es para o c\u00e2mbio e a taxa b\u00e1sica de juros, a Selic. A expectativa \u00e9 que o d\u00f3lar feche o ano custando R$ 5,20 (estabilidade que dura tr\u00eas semanas); e, no caso da Selic, em 13,75% ao ano (proje\u00e7\u00e3o de estabilidade h\u00e1 8 semanas consecutivas).<\/p>\n<p>A estabilidade, tanto do c\u00e2mbio como da Selic, foi registrada tamb\u00e9m nas previs\u00f5es para 2023 e 2024. No caso do d\u00f3lar, em R$ 5,20 para o ano que vem, e em R$ 5,10 para 2024. J\u00e1 a Selic tem previs\u00e3o de fechar 2023 a 11% ao ano, e 2024, em 8% ao ano.<\/p>\n<h2>PIB<\/h2>\n<p>Com rela\u00e7\u00e3o ao Produto Interno Bruto (PIB), soma de todas riquezas produzidas no pa\u00eds, o mercado financeiro aumentou a previs\u00e3o de crescimento para 2022 e para os pr\u00f3ximos dois anos.<\/p>\n<p>Neste ano, a expectativa \u00e9 de que o PIB cres\u00e7a 2%, ante as proje\u00e7\u00f5es de 1,98% e de 1,75%, divulgadas h\u00e1 uma e h\u00e1 quatro semanas, respectivamente.<\/p>\n<p>Para 2023, a expectativa do mercado \u00e9 crescimento do PIB de 0,41%. H\u00e1 uma semana, a previs\u00e3o era de 0,40%; e h\u00e1 quatro semanas, 0,50%. J\u00e1 para 2024, a previs\u00e3o \u00e9 expans\u00e3o de 1,8%. H\u00e1 uma semana, a proje\u00e7\u00e3o era de 1,70%; e h\u00e1 quatro semanas, 1,80%.<\/p>\n<p><span style=\"font-weight: 400;\">Fonte: Ag\u00eancia Brasil <\/span><\/p>\n","protected":false},"excerpt":{"rendered":"<p>O mercado financeiro reduziu, pela s\u00e9tima semana consecutiva, a previs\u00e3o de infla\u00e7\u00e3o para 2022. De acordo com o Boletim Focus, divulgado hoje (15) pelo Banco Central, 2022 deve fechar com alta de 7,02% no \u00cdndice Nacional de Pre\u00e7os ao Consumidor Amplo (IPCA). H\u00e1 uma semana, o IPCA estava projetado em 7,11% para 2022; e h\u00e1 [&hellip;]<\/p>\n","protected":false},"author":246,"featured_media":203020,"comment_status":"closed","ping_status":"closed","sticky":false,"template":"","format":"standard","meta":{"footnotes":""},"categories":[436,440,261,439],"tags":[],"class_list":["post-203019","post","type-post","status-publish","format-standard","has-post-thumbnail","hentry","category-destaque-da-semana","category-destaques-do-dia","category-economia","category-ultima-hora"],"_links":{"self":[{"href":"https:\/\/diarioregionaldigital.com.br\/index.php?rest_route=\/wp\/v2\/posts\/203019","targetHints":{"allow":["GET"]}}],"collection":[{"href":"https:\/\/diarioregionaldigital.com.br\/index.php?rest_route=\/wp\/v2\/posts"}],"about":[{"href":"https:\/\/diarioregionaldigital.com.br\/index.php?rest_route=\/wp\/v2\/types\/post"}],"author":[{"embeddable":true,"href":"https:\/\/diarioregionaldigital.com.br\/index.php?rest_route=\/wp\/v2\/users\/246"}],"replies":[{"embeddable":true,"href":"https:\/\/diarioregionaldigital.com.br\/index.php?rest_route=%2Fwp%2Fv2%2Fcomments&post=203019"}],"version-history":[{"count":1,"href":"https:\/\/diarioregionaldigital.com.br\/index.php?rest_route=\/wp\/v2\/posts\/203019\/revisions"}],"predecessor-version":[{"id":203021,"href":"https:\/\/diarioregionaldigital.com.br\/index.php?rest_route=\/wp\/v2\/posts\/203019\/revisions\/203021"}],"wp:featuredmedia":[{"embeddable":true,"href":"https:\/\/diarioregionaldigital.com.br\/index.php?rest_route=\/wp\/v2\/media\/203020"}],"wp:attachment":[{"href":"https:\/\/diarioregionaldigital.com.br\/index.php?rest_route=%2Fwp%2Fv2%2Fmedia&parent=203019"}],"wp:term":[{"taxonomy":"category","embeddable":true,"href":"https:\/\/diarioregionaldigital.com.br\/index.php?rest_route=%2Fwp%2Fv2%2Fcategories&post=203019"},{"taxonomy":"post_tag","embeddable":true,"href":"https:\/\/diarioregionaldigital.com.br\/index.php?rest_route=%2Fwp%2Fv2%2Ftags&post=203019"}],"curies":[{"name":"wp","href":"https:\/\/api.w.org\/{rel}","templated":true}]}}