{"id":203015,"date":"2022-08-14T06:00:47","date_gmt":"2022-08-14T09:00:47","guid":{"rendered":"https:\/\/diarioregionaldigital.com.br\/?p=203015"},"modified":"2022-08-13T00:39:58","modified_gmt":"2022-08-13T03:39:58","slug":"os-saberes-da-lingua-portuguesa","status":"publish","type":"post","link":"https:\/\/diarioregionaldigital.com.br\/?p=203015","title":{"rendered":"Os Saberes da L\u00edngua Portuguesa"},"content":{"rendered":"<p>O nosso inconformismo com os exageros do uso da l\u00edngua inglesa na realidade brasileira levou-nos \u00e0 elabora\u00e7\u00e3o de uma palestra, na Confedera\u00e7\u00e3o Nacional do Com\u00e9rcio, sobre os saberes da l\u00edngua portuguesa. Pela rea\u00e7\u00e3o da plateia do Conselho de Not\u00e1veis da CNC posso concluir que houve um retorno bastante apreci\u00e1vel, como se pode medir pelo n\u00famero dos que pediram a palavra ap\u00f3s os 45 minutos regulamentares, a partir da engenheira Olga Simbalista, que confessou que a minha palestra lhe abriu o cora\u00e7\u00e3o.<\/p>\n<p>Depois, o conselheiro Nelson Melo e Souza confessou que temos um passado comum, na pessoa do professor Antenor Nascentes, que trabalhou com seu pai. Disse que \u201co idioma \u00e9 um ser vivo e como tal deve ser tratado.\u201d Recordou que o grego \u00e9 a base dos nossos neologismos e revelou ser contra os exageros do anglicismo. J\u00e1 Ant\u00f4nio Celso, ex-reitor da UERJ, lembrou que inauguramos mais de 80 escolas no Rio de Janeiro. O acad\u00eamico Arno Wehling fez men\u00e7\u00e3o aos tempos em que fomos colegas produzindo programas educativos na R\u00e1dio MEC e reclamou da falta de antologias nas livrarias brasileiras. \u00a0Lu\u00eds Cunha pediu para que se investisse mais em educa\u00e7\u00e3o e elogiou a abertura para o ensino \u00e0 dist\u00e2ncia. Aur\u00e9lio Wander Bastos declarou um inspirado poema com o t\u00edtulo \u201cad immortalitatem\u201d e\u00a0 recordou como a l\u00edngua portuguesa tem origem no latim popular.<\/p>\n<p>O conselheiro Paulo Jobim elogiou o texto que acabara de ouvir e fez men\u00e7\u00e3o \u00e0s perdas oriundas da pandemia (muitas crian\u00e7as n\u00e3o voltar\u00e3o \u00e0s escolas, o que \u00e9 uma perda muito sentida) e, por fim, Francisco Amaral disse ter ouvido uma bonita reflex\u00e3o sobre a educa\u00e7\u00e3o no Brasil e confraternizou, por isso mesmo, com o Conselheiro Bernardo Cabral, hoje Secret\u00e1rio-Geral do Conselho de Not\u00e1veis.<\/p>\n<p>O que ficou claro, na mencionada reuni\u00e3o, foi o interesse da CNC pelo tema educa\u00e7\u00e3o. Houve cr\u00edticas a alguns descuidos do governo federal, inclusive com os cortes de verbas fundamentais para setores como creches (muitas n\u00e3o foram conclu\u00eddas), apoio ao ensino de 1\u05bb\u00ba grau (subs\u00eddios a estados e munic\u00edpios), valoriza\u00e7\u00e3o do ensino m\u00e9dio, reforma dos cursos de pedagogia, etc. Ficamos de voltar ao assunto.<\/p>\n","protected":false},"excerpt":{"rendered":"<p>O nosso inconformismo com os exageros do uso da l\u00edngua inglesa na realidade brasileira levou-nos \u00e0 elabora\u00e7\u00e3o de uma palestra, na Confedera\u00e7\u00e3o Nacional do Com\u00e9rcio, sobre os saberes da l\u00edngua portuguesa. Pela rea\u00e7\u00e3o da plateia do Conselho de Not\u00e1veis da CNC posso concluir que houve um retorno bastante apreci\u00e1vel, como se pode medir pelo n\u00famero [&hellip;]<\/p>\n","protected":false},"author":96,"featured_media":0,"comment_status":"closed","ping_status":"closed","sticky":false,"template":"","format":"standard","meta":{"footnotes":""},"categories":[275],"tags":[],"class_list":["post-203015","post","type-post","status-publish","format-standard","hentry","category-arnaldo-niskier"],"_links":{"self":[{"href":"https:\/\/diarioregionaldigital.com.br\/index.php?rest_route=\/wp\/v2\/posts\/203015","targetHints":{"allow":["GET"]}}],"collection":[{"href":"https:\/\/diarioregionaldigital.com.br\/index.php?rest_route=\/wp\/v2\/posts"}],"about":[{"href":"https:\/\/diarioregionaldigital.com.br\/index.php?rest_route=\/wp\/v2\/types\/post"}],"author":[{"embeddable":true,"href":"https:\/\/diarioregionaldigital.com.br\/index.php?rest_route=\/wp\/v2\/users\/96"}],"replies":[{"embeddable":true,"href":"https:\/\/diarioregionaldigital.com.br\/index.php?rest_route=%2Fwp%2Fv2%2Fcomments&post=203015"}],"version-history":[{"count":1,"href":"https:\/\/diarioregionaldigital.com.br\/index.php?rest_route=\/wp\/v2\/posts\/203015\/revisions"}],"predecessor-version":[{"id":203016,"href":"https:\/\/diarioregionaldigital.com.br\/index.php?rest_route=\/wp\/v2\/posts\/203015\/revisions\/203016"}],"wp:attachment":[{"href":"https:\/\/diarioregionaldigital.com.br\/index.php?rest_route=%2Fwp%2Fv2%2Fmedia&parent=203015"}],"wp:term":[{"taxonomy":"category","embeddable":true,"href":"https:\/\/diarioregionaldigital.com.br\/index.php?rest_route=%2Fwp%2Fv2%2Fcategories&post=203015"},{"taxonomy":"post_tag","embeddable":true,"href":"https:\/\/diarioregionaldigital.com.br\/index.php?rest_route=%2Fwp%2Fv2%2Ftags&post=203015"}],"curies":[{"name":"wp","href":"https:\/\/api.w.org\/{rel}","templated":true}]}}