{"id":203009,"date":"2022-08-12T20:50:33","date_gmt":"2022-08-12T23:50:33","guid":{"rendered":"https:\/\/diarioregionaldigital.com.br\/?p=203009"},"modified":"2022-08-12T20:50:33","modified_gmt":"2022-08-12T23:50:33","slug":"av-rio-branco-tera-interdicoes-neste-domingo-14","status":"publish","type":"post","link":"https:\/\/diarioregionaldigital.com.br\/?p=203009","title":{"rendered":"Av. Rio Branco ter\u00e1 interdi\u00e7\u00f5es neste domingo, 14"},"content":{"rendered":"<p>Segundo informa\u00e7\u00f5es do site da Prefeitura de Juiz de Fora (PJF), a Secretaria de Mobilidade Urbana (SMU) da Prefeitura de Juiz de Fora (PJF) informa que domingo, 14, de 7h at\u00e9 13h,\u00a0 haver\u00e1 altera\u00e7\u00e3o na circula\u00e7\u00e3o da Av. Rio Branco por conta do desfile de abertura da Copa Prefeitura Bahamas de Futebol Amador, no sentido Manoel Hon\u00f3rio\/Bom Pastor, na pista central entre a Rua Afonso Pinto da Mota e a Av. Presidente Itamar Franco. J\u00e1 na pista lateral, o fechamento ser\u00e1 da Rua S\u00e3o Sebasti\u00e3o at\u00e9 a Rua Esp\u00edrito Santo.<\/p>\n<div id=\"box_texto_noticia\">\n<p>&nbsp;<\/p>\n<p>O sentido Bom Pastor\/ Manoel Hon\u00f3rio segue livre para circula\u00e7\u00e3o na pista lateral, entretanto, a pista central ficar\u00e1 fechada. O Transporte Coletivo Urbano ir\u00e1 trafegar na pista lateral. A Rua Marechal Deodoro ficar\u00e1 fechada entre a Rua Santo Ant\u00f4nio e a Av. Rio Branco.<\/p>\n<p>A Rua Rei Alberto ter\u00e1 invers\u00e3o na circula\u00e7\u00e3o, operando no sentido Av. Rio Branco &#8211; Rua Santo Ant\u00f4nio e n\u00e3o ser\u00e1 permitido o estacionamento de ve\u00edculos nesta via.<\/p>\n<p>Outras vias ter\u00e3o altera\u00e7\u00e3o na circula\u00e7\u00e3o e, portanto, os condutores dever\u00e3o estar atentos.<\/p>\n<p>O PDF com as altera\u00e7\u00f5es na via pode ser conferido no anexo.<\/p>\n<\/div>\n<div class=\"texto_anexo\"><img loading=\"lazy\" decoding=\"async\" src=\"https:\/\/www.pjf.mg.gov.br\/imagens\/clips.jpg\" width=\"22\" height=\"20\" \/>\u00a0<a href=\"https:\/\/www.pjf.mg.gov.br\/noticias\/anexo\/Planodetrafego_28aCopaPJF-Bahamas-2022.pdf\" target=\"_blank\" rel=\"noopener\">Veja o anexo<\/a><\/div>\n","protected":false},"excerpt":{"rendered":"<p>Segundo informa\u00e7\u00f5es do site da Prefeitura de Juiz de Fora (PJF), a Secretaria de Mobilidade Urbana (SMU) da Prefeitura de Juiz de Fora (PJF) informa que domingo, 14, de 7h at\u00e9 13h,\u00a0 haver\u00e1 altera\u00e7\u00e3o na circula\u00e7\u00e3o da Av. Rio Branco por conta do desfile de abertura da Copa Prefeitura Bahamas de Futebol Amador, no sentido [&hellip;]<\/p>\n","protected":false},"author":246,"featured_media":203010,"comment_status":"closed","ping_status":"closed","sticky":false,"template":"","format":"standard","meta":{"footnotes":""},"categories":[253,436,439],"tags":[],"class_list":["post-203009","post","type-post","status-publish","format-standard","has-post-thumbnail","hentry","category-cidade","category-destaque-da-semana","category-ultima-hora"],"_links":{"self":[{"href":"https:\/\/diarioregionaldigital.com.br\/index.php?rest_route=\/wp\/v2\/posts\/203009","targetHints":{"allow":["GET"]}}],"collection":[{"href":"https:\/\/diarioregionaldigital.com.br\/index.php?rest_route=\/wp\/v2\/posts"}],"about":[{"href":"https:\/\/diarioregionaldigital.com.br\/index.php?rest_route=\/wp\/v2\/types\/post"}],"author":[{"embeddable":true,"href":"https:\/\/diarioregionaldigital.com.br\/index.php?rest_route=\/wp\/v2\/users\/246"}],"replies":[{"embeddable":true,"href":"https:\/\/diarioregionaldigital.com.br\/index.php?rest_route=%2Fwp%2Fv2%2Fcomments&post=203009"}],"version-history":[{"count":1,"href":"https:\/\/diarioregionaldigital.com.br\/index.php?rest_route=\/wp\/v2\/posts\/203009\/revisions"}],"predecessor-version":[{"id":203011,"href":"https:\/\/diarioregionaldigital.com.br\/index.php?rest_route=\/wp\/v2\/posts\/203009\/revisions\/203011"}],"wp:featuredmedia":[{"embeddable":true,"href":"https:\/\/diarioregionaldigital.com.br\/index.php?rest_route=\/wp\/v2\/media\/203010"}],"wp:attachment":[{"href":"https:\/\/diarioregionaldigital.com.br\/index.php?rest_route=%2Fwp%2Fv2%2Fmedia&parent=203009"}],"wp:term":[{"taxonomy":"category","embeddable":true,"href":"https:\/\/diarioregionaldigital.com.br\/index.php?rest_route=%2Fwp%2Fv2%2Fcategories&post=203009"},{"taxonomy":"post_tag","embeddable":true,"href":"https:\/\/diarioregionaldigital.com.br\/index.php?rest_route=%2Fwp%2Fv2%2Ftags&post=203009"}],"curies":[{"name":"wp","href":"https:\/\/api.w.org\/{rel}","templated":true}]}}