{"id":203006,"date":"2022-08-12T20:48:06","date_gmt":"2022-08-12T23:48:06","guid":{"rendered":"https:\/\/diarioregionaldigital.com.br\/?p=203006"},"modified":"2022-08-12T20:48:06","modified_gmt":"2022-08-12T23:48:06","slug":"politica-da-saude-da-populacao-negra-e-implementada-na-ubs-furtado-de-menezes","status":"publish","type":"post","link":"https:\/\/diarioregionaldigital.com.br\/?p=203006","title":{"rendered":"Pol\u00edtica da Sa\u00fade da Popula\u00e7\u00e3o Negra \u00e9 implementada na UBS Furtado de Menezes"},"content":{"rendered":"<p>Segundo informa\u00e7\u00f5es do site da Prefeitura de Juiz de Fora (PJF), nesta quinta-feira, 7, a Prefeitura de Juiz de Fora (PJF) iniciou a Pol\u00edtica Municipal de Sa\u00fade Integral da Popula\u00e7\u00e3o Negra. A primeira etapa de capacita\u00e7\u00e3o dos Agentes Comunit\u00e1rios de Sa\u00fade (ACSs) foi realizada na Unidade B\u00e1sica de Sa\u00fade (UBS) Furtado de Menezes.<\/p>\n<p>&nbsp;<\/p>\n<p>A primeira fase visa levantar um diagn\u00f3stico atrav\u00e9s de question\u00e1rios aplicados pelos ACSs aos usu\u00e1rios durante as visitas domiciliares. O secret\u00e1rio de Sa\u00fade, Ivan Chebli, esteve presente na capacita\u00e7\u00e3o e frisou a import\u00e2ncia deste trabalho integrado. \u201cO Brasil \u00e9 um pa\u00eds desigual e promover sa\u00fade vai muito al\u00e9m de implementar uma Unidade B\u00e1sica de Sa\u00fade. \u00c9 necess\u00e1rio conhecer a realidade da sociedade para buscar a equidade na promo\u00e7\u00e3o e atendimento em sa\u00fade\u201d.<\/p>\n<p>&nbsp;<\/p>\n<p>O objetivo da pol\u00edtica \u00e9 levantar um diagn\u00f3stico da popula\u00e7\u00e3o negra no territ\u00f3rio assistido pela UBS e, posteriormente, desenvolver interven\u00e7\u00f5es buscando melhorar o acesso \u00e0 sa\u00fade da popula\u00e7\u00e3o negra. A Agente Comunit\u00e1ria de Sa\u00fade da Unidade Furtado de Menezes, Lucia Cristina, destacou o desafio que a equipe ter\u00e1 para o fortalecimento desta pol\u00edtica. \u201cA pr\u00f3pria popula\u00e7\u00e3o negra n\u00e3o se autodeclara. Ent\u00e3o, nosso trabalho \u00e9 convencer essas pessoas de suas ancestralidades e mostrar que elas possuem direitos \u00e0 sa\u00fade\u201d.<\/p>\n<p>&nbsp;<\/p>\n<p>A Pol\u00edtica voltada \u00e0 sa\u00fade da popula\u00e7\u00e3o negra foi fundada em 2011, pelo secret\u00e1rio de Sa\u00fade Ivan Chebli. O coordenador do comit\u00ea t\u00e9cnico da sa\u00fade da popula\u00e7\u00e3o negra, Fernando Eliot\u00e9rio, comentou sobre os desafios para implementar a pol\u00edtica. \u201cAp\u00f3s treze anos da pol\u00edtica nacional voltada \u00e0 sa\u00fade da popula\u00e7\u00e3o negra, estamos dando um passo importante. Esse projeto-piloto \u00e9 um marco hist\u00f3rico para Juiz de Fora e coloca o munic\u00edpio como modelo mineiro para implementa\u00e7\u00e3o da pol\u00edtica em outras regi\u00f5es\u201d. Fernando pontua, ainda, que o intuito \u00e9 iniciar nestas tr\u00eas unidades e, posteriormente, estender a toda rede assistencial de sa\u00fade do munic\u00edpio.<\/p>\n<p>&nbsp;<\/p>\n<p>Al\u00e9m do secret\u00e1rio Ivan Chebli, estiveram presentes na capacita\u00e7\u00e3o o gerente do Departamento de Programas, A\u00e7\u00f5es Estrat\u00e9gicas e Gest\u00e3o Participativa, Fl\u00e1vio Henrique; o gerente do Departamento de Programas e A\u00e7\u00f5es de Aten\u00e7\u00e3o \u00e0 Sa\u00fade, Jo\u00e3o Daniel; membros do Comit\u00ea T\u00e9cnico da Sa\u00fade da Popula\u00e7\u00e3o Negra, profissionais e agentes de sa\u00fade da UBS Furtado de Menezes.<\/p>\n<p>&nbsp;<\/p>\n<p>No dia 28 de julho, a capacita\u00e7\u00e3o foi realizada com a equipe da UBS Vila Olavo Costa e os ACSs da unidade j\u00e1 est\u00e3o realizando o diagn\u00f3stico da popula\u00e7\u00e3o negra no territ\u00f3rio assistido pela equipe. Na pr\u00f3xima quinta, 18, \u00e0s 14h, a capacita\u00e7\u00e3o ser\u00e1 realizada com profissionais e agentes de sa\u00fade da UBS Vila Ideal.<\/p>\n","protected":false},"excerpt":{"rendered":"<p>Segundo informa\u00e7\u00f5es do site da Prefeitura de Juiz de Fora (PJF), nesta quinta-feira, 7, a Prefeitura de Juiz de Fora (PJF) iniciou a Pol\u00edtica Municipal de Sa\u00fade Integral da Popula\u00e7\u00e3o Negra. A primeira etapa de capacita\u00e7\u00e3o dos Agentes Comunit\u00e1rios de Sa\u00fade (ACSs) foi realizada na Unidade B\u00e1sica de Sa\u00fade (UBS) Furtado de Menezes. &nbsp; A [&hellip;]<\/p>\n","protected":false},"author":246,"featured_media":203007,"comment_status":"closed","ping_status":"closed","sticky":false,"template":"","format":"standard","meta":{"footnotes":""},"categories":[253,436,439],"tags":[],"class_list":["post-203006","post","type-post","status-publish","format-standard","has-post-thumbnail","hentry","category-cidade","category-destaque-da-semana","category-ultima-hora"],"_links":{"self":[{"href":"https:\/\/diarioregionaldigital.com.br\/index.php?rest_route=\/wp\/v2\/posts\/203006","targetHints":{"allow":["GET"]}}],"collection":[{"href":"https:\/\/diarioregionaldigital.com.br\/index.php?rest_route=\/wp\/v2\/posts"}],"about":[{"href":"https:\/\/diarioregionaldigital.com.br\/index.php?rest_route=\/wp\/v2\/types\/post"}],"author":[{"embeddable":true,"href":"https:\/\/diarioregionaldigital.com.br\/index.php?rest_route=\/wp\/v2\/users\/246"}],"replies":[{"embeddable":true,"href":"https:\/\/diarioregionaldigital.com.br\/index.php?rest_route=%2Fwp%2Fv2%2Fcomments&post=203006"}],"version-history":[{"count":1,"href":"https:\/\/diarioregionaldigital.com.br\/index.php?rest_route=\/wp\/v2\/posts\/203006\/revisions"}],"predecessor-version":[{"id":203008,"href":"https:\/\/diarioregionaldigital.com.br\/index.php?rest_route=\/wp\/v2\/posts\/203006\/revisions\/203008"}],"wp:featuredmedia":[{"embeddable":true,"href":"https:\/\/diarioregionaldigital.com.br\/index.php?rest_route=\/wp\/v2\/media\/203007"}],"wp:attachment":[{"href":"https:\/\/diarioregionaldigital.com.br\/index.php?rest_route=%2Fwp%2Fv2%2Fmedia&parent=203006"}],"wp:term":[{"taxonomy":"category","embeddable":true,"href":"https:\/\/diarioregionaldigital.com.br\/index.php?rest_route=%2Fwp%2Fv2%2Fcategories&post=203006"},{"taxonomy":"post_tag","embeddable":true,"href":"https:\/\/diarioregionaldigital.com.br\/index.php?rest_route=%2Fwp%2Fv2%2Ftags&post=203006"}],"curies":[{"name":"wp","href":"https:\/\/api.w.org\/{rel}","templated":true}]}}