{"id":203003,"date":"2022-08-12T20:45:40","date_gmt":"2022-08-12T23:45:40","guid":{"rendered":"https:\/\/diarioregionaldigital.com.br\/?p=203003"},"modified":"2022-08-12T20:45:40","modified_gmt":"2022-08-12T23:45:40","slug":"campanha-de-popularizacao-do-teatro-danca-tera-maratona-de-espetaculos-no-fim-de-semana","status":"publish","type":"post","link":"https:\/\/diarioregionaldigital.com.br\/?p=203003","title":{"rendered":"Campanha de Populariza\u00e7\u00e3o do Teatro &#038; Dan\u00e7a ter\u00e1 maratona de espet\u00e1culos no fim de semana"},"content":{"rendered":"<p>Segundo informa\u00e7\u00f5es do site da Prefeitura de Juiz de Fora (PJF), Sete espet\u00e1culos de teatro e um de dan\u00e7a estar\u00e3o em cartaz em Juiz de Fora no pr\u00f3ximo fim de semana, dias 13 e 14, como parte da 19\u00aa Campanha de Populariza\u00e7\u00e3o do Teatro &amp; Dan\u00e7a, organizada pela Associa\u00e7\u00e3o dos Produtores de Artes C\u00eanicas (Apac) de Juiz de Fora. Com apoio do Sindicato dos Produtores de Artes C\u00eanicas de Minas Gerais e da Prefeitura de Juiz de Fora\/Funda\u00e7\u00e3o Cultural Alfredo Ferreira Lage (Funalfa), a campanha teve in\u00edcio no \u00faltimo dia 4 e segue at\u00e9 28 de agosto. Os objetivos s\u00e3o promover o acesso da popula\u00e7\u00e3o aos teatros e outros equipamentos de cultura, apoiar produtores e artistas locais, promover frui\u00e7\u00e3o e forma\u00e7\u00e3o de p\u00fablico. A programa\u00e7\u00e3o completa de espet\u00e1culos pode ser conferida nas redes sociais da Apac.<\/p>\n<p>Os ingressos est\u00e3o sendo vendidos no trailer instalado no Parque Halfeld, na altura do Pa\u00e7o Municipal, no Centro, com pre\u00e7os promocionais: R$ 10 e R$ 15, conforme o espet\u00e1culo. O ponto de venda funciona de segunda a sexta-feira, das 13h \u00e0s 19h; aos s\u00e1bados, das 10h \u00e0s 19h; e aos domingos, das 14h \u00e0s 19h. Os ingressos tamb\u00e9m podem ser adquiridos na portaria dos espa\u00e7os, nos dias de apresenta\u00e7\u00e3o.<\/p>\n<p>Programa\u00e7\u00e3o do fim de semana:<\/p>\n<p>*\u00a0<strong>\u201cAmanh\u00e3 Talvez Eu Fa\u00e7a a Mesma Coisa<\/strong>\u201d \u2013 Dan\u00e7a contempor\u00e2nea<\/p>\n<p>Data: 13 de agosto &#8211; S\u00e1bado<\/p>\n<p>Local\/Hor\u00e1rio: Pra\u00e7a CEU (Av. JK 5.899 \u2013 Benfica) | 19h<\/p>\n<p>Grupo: NUN Grupo de Dan\u00e7a | Classifica\u00e7\u00e3o indicativa: Livre<\/p>\n<p>Ingresso: R$ 15, no trailer da Apac e na bilheteria do teatro<\/p>\n<p>*\u00a0<strong>\u201cSopa de Letrinhas<\/strong>\u201d \u2013 Teatro infantil<\/p>\n<p>Data: 13 de agosto &#8211; S\u00e1bado<\/p>\n<p>Local\/Hor\u00e1rio: Teatro Paschoal Carlos Magno| 16h<\/p>\n<p>Grupo: Livremente Arte| Classifica\u00e7\u00e3o indicativa: Livre<\/p>\n<p>Ingresso: R$ 10 no trailer da Apac e R$ 30 na bilheteria do teatro<\/p>\n<p>*\u00a0<strong>\u201cM\u00e1gicas e Tonteiras\u201d<\/strong>\u00a0\u2013 Teatro infantil<\/p>\n<p>Data: 14 de agosto &#8211; Domingo<\/p>\n<p>Local\/Hor\u00e1rio: Teatro Paschoal Carlos Magno (Rua Gilberto de Alencar, atr\u00e1s da Igreja S\u00e3o Sebasti\u00e3o &#8211; Centro)| 16h<\/p>\n<p>Grupo: Cia Pedepalha\u00e7o| Classifica\u00e7\u00e3o indicativa: Livre<\/p>\n<p>Ingresso: R$ 15 no trailer da Apac e R$ 40 na bilheteria do teatro<\/p>\n<p>*\u00a0<strong>\u201cO Macaco Espertalh\u00e3o\u201d\u00a0<\/strong>\u2013 Teatro infantil<\/p>\n<p>Data: 14 de agosto &#8211; Domingo<\/p>\n<p>Local\/Hor\u00e1rio: Pra\u00e7a CEU (Av. JK 5.899 &#8211; Benfica)| 16h<\/p>\n<p>Grupo: Mis Em Sc\u00e8ne| Classifica\u00e7\u00e3o indicativa: Livre<\/p>\n<p>Ingresso: R$ 10 no trailer da Apac e na bilheteria da pra\u00e7a<\/p>\n<p>*\u00a0<strong>\u201cEntre Quatro Paredes\u201d<\/strong>\u00a0\u2013 Teatro adulto<\/p>\n<p>Datas: 13 e 14 de agosto \u2013 S\u00e1bado e domingo<\/p>\n<p>Local\/Hor\u00e1rio: Museu do Cr\u00e9dito Real (Avenida Get\u00falio Vargas, 455 &#8211; Centro)| 19h<\/p>\n<p>Grupo: Delta Dell\u2019Arte| Classifica\u00e7\u00e3o indicativa: 14 anos<\/p>\n<p>Ingresso: R$ 10 no trailer da Apac e R$ 30 na bilheteria do museu<\/p>\n<p>*\u00a0<strong>\u201cO Biscateiro<\/strong>\u201d \u2013 Teatro adulto<\/p>\n<p>Data: 13 \u2013 S\u00e1bado<\/p>\n<p>Local\/Hor\u00e1rio: Cine-Theatro Central (Pra\u00e7a Jo\u00e3o Pessoa s\/n\u00ba &#8211; Centro)| 21h<\/p>\n<p>Grupo: Benedito Produ\u00e7\u00f5es Art\u00edsticas | Classifica\u00e7\u00e3o indicativa: 13 anos<\/p>\n<p>Ingresso: R$ 10 no trailer da Apac e R$ 30 na bilheteria do teatro<\/p>\n<p>*<strong>\u00a0\u201cRomaria \u2013 O Musical<\/strong>\u201d \u2013 Teatro adulto<\/p>\n<p>Data: 13 \u2013 S\u00e1bado<\/p>\n<p>Local\/Hor\u00e1rio: Teatro Paschoal Carlos Magno (Rua Gilberto de Alencar, atr\u00e1s da Igreja S\u00e3o Sebasti\u00e3o &#8211; Centro)| 18h<\/p>\n<p>Grupo: Semana Santa | Classifica\u00e7\u00e3o indicativa: 12 anos<\/p>\n<p>Ingresso: R$ 10 no trailer da Apac e R$ 30 na bilheteria do teatro<\/p>\n<p>*\u00a0<strong>\u201cLel\u00e9 Papel \u2013 Stand Up Comedy<\/strong>\u201d \u2013 Teatro adulto<\/p>\n<p>Data: 14 \u2013 Domingo<\/p>\n<p>Local\/Hor\u00e1rio: Teatro Paschoal Carlos Magno (Rua Gilberto de Alencar, atr\u00e1s da Igreja S\u00e3o Sebasti\u00e3o &#8211; Centro)| 19h<\/p>\n<p>Grupo: Lel\u00e9 Papel \u2013 Stand Up Comedy | Classifica\u00e7\u00e3o indicativa: 16 anos<\/p>\n<p>Ingresso: R$ 15 no trailer da Apac e R$ 40 na bilheteria do teatro<\/p>\n","protected":false},"excerpt":{"rendered":"<p>Segundo informa\u00e7\u00f5es do site da Prefeitura de Juiz de Fora (PJF), Sete espet\u00e1culos de teatro e um de dan\u00e7a estar\u00e3o em cartaz em Juiz de Fora no pr\u00f3ximo fim de semana, dias 13 e 14, como parte da 19\u00aa Campanha de Populariza\u00e7\u00e3o do Teatro &amp; Dan\u00e7a, organizada pela Associa\u00e7\u00e3o dos Produtores de Artes C\u00eanicas (Apac) [&hellip;]<\/p>\n","protected":false},"author":246,"featured_media":203004,"comment_status":"closed","ping_status":"closed","sticky":false,"template":"","format":"standard","meta":{"footnotes":""},"categories":[253,436,439],"tags":[],"class_list":["post-203003","post","type-post","status-publish","format-standard","has-post-thumbnail","hentry","category-cidade","category-destaque-da-semana","category-ultima-hora"],"_links":{"self":[{"href":"https:\/\/diarioregionaldigital.com.br\/index.php?rest_route=\/wp\/v2\/posts\/203003","targetHints":{"allow":["GET"]}}],"collection":[{"href":"https:\/\/diarioregionaldigital.com.br\/index.php?rest_route=\/wp\/v2\/posts"}],"about":[{"href":"https:\/\/diarioregionaldigital.com.br\/index.php?rest_route=\/wp\/v2\/types\/post"}],"author":[{"embeddable":true,"href":"https:\/\/diarioregionaldigital.com.br\/index.php?rest_route=\/wp\/v2\/users\/246"}],"replies":[{"embeddable":true,"href":"https:\/\/diarioregionaldigital.com.br\/index.php?rest_route=%2Fwp%2Fv2%2Fcomments&post=203003"}],"version-history":[{"count":1,"href":"https:\/\/diarioregionaldigital.com.br\/index.php?rest_route=\/wp\/v2\/posts\/203003\/revisions"}],"predecessor-version":[{"id":203005,"href":"https:\/\/diarioregionaldigital.com.br\/index.php?rest_route=\/wp\/v2\/posts\/203003\/revisions\/203005"}],"wp:featuredmedia":[{"embeddable":true,"href":"https:\/\/diarioregionaldigital.com.br\/index.php?rest_route=\/wp\/v2\/media\/203004"}],"wp:attachment":[{"href":"https:\/\/diarioregionaldigital.com.br\/index.php?rest_route=%2Fwp%2Fv2%2Fmedia&parent=203003"}],"wp:term":[{"taxonomy":"category","embeddable":true,"href":"https:\/\/diarioregionaldigital.com.br\/index.php?rest_route=%2Fwp%2Fv2%2Fcategories&post=203003"},{"taxonomy":"post_tag","embeddable":true,"href":"https:\/\/diarioregionaldigital.com.br\/index.php?rest_route=%2Fwp%2Fv2%2Ftags&post=203003"}],"curies":[{"name":"wp","href":"https:\/\/api.w.org\/{rel}","templated":true}]}}