{"id":203000,"date":"2022-08-12T20:43:33","date_gmt":"2022-08-12T23:43:33","guid":{"rendered":"https:\/\/diarioregionaldigital.com.br\/?p=203000"},"modified":"2022-08-12T20:43:33","modified_gmt":"2022-08-12T23:43:33","slug":"prefeita-discursa-em-favor-da-democracia-no-conexao-empresarial-2022","status":"publish","type":"post","link":"https:\/\/diarioregionaldigital.com.br\/?p=203000","title":{"rendered":"Prefeita discursa em favor da democracia no Conex\u00e3o Empresarial 2022"},"content":{"rendered":"<p>Segundo informa\u00e7\u00f5es do site da Prefeitura de Juiz de Fora (PJF), Juiz de Fora participa da 11 edi\u00e7\u00e3o do Conex\u00e3o Empresarial,\u00a0 que acontece at\u00e9 domingo, 14, no Minascentro, em Belo Horizonte. Em participa\u00e7\u00e3o na plen\u00e1ria, a prefeita Margarida Salom\u00e3o falou ao p\u00fablico, formado por empres\u00e1rios e representantes de institui\u00e7\u00f5es p\u00fablicas e privadas, em elogio \u00e0 democracia. Analisando o cen\u00e1rio global na perspectiva pol\u00edtica e econ\u00f4mica, a chefe do Executivo defendeu a import\u00e2ncia do di\u00e1logo na redefini\u00e7\u00e3o do papel mundial do Brasil como um grande player de desenvolvimento. &#8220;O pa\u00eds tem um potencial extraordin\u00e1rio. Precisamos ter sabedoria para conversar. Democratizar o estado brasileiro. Apenas com a restaura\u00e7\u00e3o da nossa capacidade\u00a0 de di\u00e1logo poderemos avan\u00e7ar&#8221;.<\/p>\n<p>Em stand da Prefeitura de Juiz de Fora (PJF), produtos e informativos produzidos pela Secretaria de Comunica\u00e7\u00e3o P\u00fablica (Secom) sobre os Arranjos Produtivos Locais (APL) da Cerveja Artesanal, Vestu\u00e1rio e Queijo, e aqueles produzidos por grupos de economia popular solid\u00e1ria, apresentam a cidade para visitantes de todo o Brasil. Est\u00e3o presentes na feira representantes da Secretaria de Desenvolvimento Sustent\u00e1vel e Inclusivo, da Inova\u00e7\u00e3o e Competitividade (Sedic).<\/p>\n<p>O Conex\u00e3o Empresarial \u00e9 um evento para falar sobre os principais setores da economia, com pessoas e empresas refer\u00eancias em Minas e no pa\u00eds. A feira oferece produtos e servi\u00e7os, espa\u00e7o gastron\u00f4mico e festival de m\u00fasica.\u00a0<a href=\"http:\/\/https\/\/cnxempresarial.com.br\/programacao\/\"><strong>Confira a programa\u00e7\u00e3o<\/strong><\/a>.<\/p>\n","protected":false},"excerpt":{"rendered":"<p>Segundo informa\u00e7\u00f5es do site da Prefeitura de Juiz de Fora (PJF), Juiz de Fora participa da 11 edi\u00e7\u00e3o do Conex\u00e3o Empresarial,\u00a0 que acontece at\u00e9 domingo, 14, no Minascentro, em Belo Horizonte. Em participa\u00e7\u00e3o na plen\u00e1ria, a prefeita Margarida Salom\u00e3o falou ao p\u00fablico, formado por empres\u00e1rios e representantes de institui\u00e7\u00f5es p\u00fablicas e privadas, em elogio \u00e0 [&hellip;]<\/p>\n","protected":false},"author":246,"featured_media":203001,"comment_status":"closed","ping_status":"closed","sticky":false,"template":"","format":"standard","meta":{"footnotes":""},"categories":[253,436,440,439],"tags":[],"class_list":["post-203000","post","type-post","status-publish","format-standard","has-post-thumbnail","hentry","category-cidade","category-destaque-da-semana","category-destaques-do-dia","category-ultima-hora"],"_links":{"self":[{"href":"https:\/\/diarioregionaldigital.com.br\/index.php?rest_route=\/wp\/v2\/posts\/203000","targetHints":{"allow":["GET"]}}],"collection":[{"href":"https:\/\/diarioregionaldigital.com.br\/index.php?rest_route=\/wp\/v2\/posts"}],"about":[{"href":"https:\/\/diarioregionaldigital.com.br\/index.php?rest_route=\/wp\/v2\/types\/post"}],"author":[{"embeddable":true,"href":"https:\/\/diarioregionaldigital.com.br\/index.php?rest_route=\/wp\/v2\/users\/246"}],"replies":[{"embeddable":true,"href":"https:\/\/diarioregionaldigital.com.br\/index.php?rest_route=%2Fwp%2Fv2%2Fcomments&post=203000"}],"version-history":[{"count":1,"href":"https:\/\/diarioregionaldigital.com.br\/index.php?rest_route=\/wp\/v2\/posts\/203000\/revisions"}],"predecessor-version":[{"id":203002,"href":"https:\/\/diarioregionaldigital.com.br\/index.php?rest_route=\/wp\/v2\/posts\/203000\/revisions\/203002"}],"wp:featuredmedia":[{"embeddable":true,"href":"https:\/\/diarioregionaldigital.com.br\/index.php?rest_route=\/wp\/v2\/media\/203001"}],"wp:attachment":[{"href":"https:\/\/diarioregionaldigital.com.br\/index.php?rest_route=%2Fwp%2Fv2%2Fmedia&parent=203000"}],"wp:term":[{"taxonomy":"category","embeddable":true,"href":"https:\/\/diarioregionaldigital.com.br\/index.php?rest_route=%2Fwp%2Fv2%2Fcategories&post=203000"},{"taxonomy":"post_tag","embeddable":true,"href":"https:\/\/diarioregionaldigital.com.br\/index.php?rest_route=%2Fwp%2Fv2%2Ftags&post=203000"}],"curies":[{"name":"wp","href":"https:\/\/api.w.org\/{rel}","templated":true}]}}