{"id":202997,"date":"2022-08-12T20:39:07","date_gmt":"2022-08-12T23:39:07","guid":{"rendered":"https:\/\/diarioregionaldigital.com.br\/?p=202997"},"modified":"2022-08-12T20:39:07","modified_gmt":"2022-08-12T23:39:07","slug":"libertadores-vitor-roque-decide-e-athletico-pr-esta-na-semifinal","status":"publish","type":"post","link":"https:\/\/diarioregionaldigital.com.br\/?p=202997","title":{"rendered":"Libertadores: Vitor Roque decide e Athletico-PR est\u00e1 na semifinal"},"content":{"rendered":"<p>Contado com o brilho do jovem atacante Vitor Roque, de apenas 17 anos, o Athletico-PR derrotou o Estudiantes (Argentina) por 1 a 0, na noite desta quinta-feira (11) no est\u00e1dio Jorge Luis Hirschi, em La Plata (Argentina), e se classificou para as semifinais da Copa Libertadores, onde medir\u00e1 for\u00e7as com o Palmeiras.<img decoding=\"async\" src=\"https:\/\/agenciabrasil.ebc.com.br\/ebc.png?id=1475944&amp;o=node\" \/><img decoding=\"async\" src=\"https:\/\/agenciabrasil.ebc.com.br\/ebc.gif?id=1475944&amp;o=node\" \/><\/p>\n<p>A partida come\u00e7ou com os argentinos mantendo mais a posse de bola, e criando as melhores oportunidades nos 45 minutos iniciais. \u00a0Logo aos 6 minutos Manuel Castro criou a primeira chance do Estudiantes, com finaliza\u00e7\u00e3o que foi para fora. Mas a oportunidade mais cristalina surgiu aos 43, quando Morel escorou para defesa do goleiro Bento. J\u00e1 o Furac\u00e3o s\u00f3 criou alguma coisa aos 16 minutos, em cobran\u00e7a de falta de Khellven que foi defendida por And\u00fajar.<\/p>\n<p>Ap\u00f3s o intervalo a equipe comandada pelo t\u00e9cnico Luiz Felipe Scolari melhorou e come\u00e7ou a criar mais. Por\u00e9m, a equipe de La Plata foi mais eficiente e chegou a superar o goleiro Bento aos 17 minutos, em finaliza\u00e7\u00e3o de Lollo. Por\u00e9m, o gol acabou sendo anulado pelo juiz, com aux\u00edlio do VAR (\u00e1rbitro de v\u00eddeo), ao assinalar irregularidade no lance.<\/p>\n<p>Com o passar do tempo, Felip\u00e3o mudou sua equipe de forma a tornar mais ofensiva, colocando em campo mais jogadores de ataque, entre eles o uruguaio Terans, que foi decisivo.<\/p>\n<p>J\u00e1 aos 50 minutos o camisa 20 do Furac\u00e3o fez grande jogada pela esquerda e tocou para Vitinho na \u00e1rea, que levantou a bola para o garoto Vitor Roque ganhar de cabe\u00e7a do goleiro And\u00fajar para marcar o gol da classifica\u00e7\u00e3o para a semifinal. Com este resultado o Brasil garante ao menos um representante na decis\u00e3o da competi\u00e7\u00e3o.<\/p>\n<p>Ap\u00f3s o compromisso pela Libertadores, o Athletico-PR encontra o Flamengo no Campeonato Brasileiro, a partir das 16h (hor\u00e1rio de Bras\u00edlia) do pr\u00f3ximo domingo (14) no est\u00e1dio do Maracan\u00e3.<\/p>\n<p><span style=\"font-weight: 400;\"><br \/>\n<\/span><span style=\"font-weight: 400;\">Fonte: Ag\u00eancia Brasil<\/span><\/p>\n","protected":false},"excerpt":{"rendered":"<p>Contado com o brilho do jovem atacante Vitor Roque, de apenas 17 anos, o Athletico-PR derrotou o Estudiantes (Argentina) por 1 a 0, na noite desta quinta-feira (11) no est\u00e1dio Jorge Luis Hirschi, em La Plata (Argentina), e se classificou para as semifinais da Copa Libertadores, onde medir\u00e1 for\u00e7as com o Palmeiras. A partida come\u00e7ou [&hellip;]<\/p>\n","protected":false},"author":246,"featured_media":202998,"comment_status":"closed","ping_status":"closed","sticky":false,"template":"","format":"standard","meta":{"footnotes":""},"categories":[436,257,439],"tags":[],"class_list":["post-202997","post","type-post","status-publish","format-standard","has-post-thumbnail","hentry","category-destaque-da-semana","category-esporte","category-ultima-hora"],"_links":{"self":[{"href":"https:\/\/diarioregionaldigital.com.br\/index.php?rest_route=\/wp\/v2\/posts\/202997","targetHints":{"allow":["GET"]}}],"collection":[{"href":"https:\/\/diarioregionaldigital.com.br\/index.php?rest_route=\/wp\/v2\/posts"}],"about":[{"href":"https:\/\/diarioregionaldigital.com.br\/index.php?rest_route=\/wp\/v2\/types\/post"}],"author":[{"embeddable":true,"href":"https:\/\/diarioregionaldigital.com.br\/index.php?rest_route=\/wp\/v2\/users\/246"}],"replies":[{"embeddable":true,"href":"https:\/\/diarioregionaldigital.com.br\/index.php?rest_route=%2Fwp%2Fv2%2Fcomments&post=202997"}],"version-history":[{"count":1,"href":"https:\/\/diarioregionaldigital.com.br\/index.php?rest_route=\/wp\/v2\/posts\/202997\/revisions"}],"predecessor-version":[{"id":202999,"href":"https:\/\/diarioregionaldigital.com.br\/index.php?rest_route=\/wp\/v2\/posts\/202997\/revisions\/202999"}],"wp:featuredmedia":[{"embeddable":true,"href":"https:\/\/diarioregionaldigital.com.br\/index.php?rest_route=\/wp\/v2\/media\/202998"}],"wp:attachment":[{"href":"https:\/\/diarioregionaldigital.com.br\/index.php?rest_route=%2Fwp%2Fv2%2Fmedia&parent=202997"}],"wp:term":[{"taxonomy":"category","embeddable":true,"href":"https:\/\/diarioregionaldigital.com.br\/index.php?rest_route=%2Fwp%2Fv2%2Fcategories&post=202997"},{"taxonomy":"post_tag","embeddable":true,"href":"https:\/\/diarioregionaldigital.com.br\/index.php?rest_route=%2Fwp%2Fv2%2Ftags&post=202997"}],"curies":[{"name":"wp","href":"https:\/\/api.w.org\/{rel}","templated":true}]}}