{"id":202993,"date":"2022-08-12T20:37:00","date_gmt":"2022-08-12T23:37:00","guid":{"rendered":"https:\/\/diarioregionaldigital.com.br\/?p=202993"},"modified":"2022-08-12T20:37:00","modified_gmt":"2022-08-12T23:37:00","slug":"definidas-datas-e-horarios-da-semis-da-libertadores-e-sul-americana","status":"publish","type":"post","link":"https:\/\/diarioregionaldigital.com.br\/?p=202993","title":{"rendered":"Definidas datas e hor\u00e1rios da semis da Libertadores e Sul-Americana"},"content":{"rendered":"<p>A Conmebol definiu nesta sexta feira (12) as datas e hor\u00e1rios das semifinais das Copas Libertadores e Sul-Americana. Os primeiros a entrarem em campo ser\u00e3o Athletico-PR e Palmeiras, em 30 de agosto, na Arena da Baixada, em Curitiba, pela Libertadores. No dia seguinte, o V\u00e9lez (Argentina) recebe o Flamengo no Est\u00e1dio Jos\u00e9 Amalfitani, na capital Buenos Aireis.<img decoding=\"async\" src=\"https:\/\/agenciabrasil.ebc.com.br\/ebc.png?id=1476034&amp;o=node\" \/><img decoding=\"async\" src=\"https:\/\/agenciabrasil.ebc.com.br\/ebc.gif?id=1476034&amp;o=node\" \/><\/p>\n<p>As semifinais da Sul-Americana come\u00e7am em Quito (Equador), em 31 de agosto, com o Independiente del Valle encarando o Megar (Peru) \u00e0s 19h15 (hor\u00e1rio de Bras\u00edlia).\u00a0\u00a0A outra semi, 100% brasileira, ser\u00e1 no Est\u00e1dio Serra Dourada, em Goi\u00e2nia: o Atl\u00e9tico-GO enfrentar\u00e1 o S\u00e3o Paulo, \u00e0s 21h30, no jogo de ida.<\/p>\n<p>Os jogos decisivos da volta, que definem que vai \u00e0 final da Sul-Americana, come\u00e7am em 7 de setembro, \u00e0s 19h15, com o Megar (Peru) recebendo o Independiente del Valle, na cidade de Arequipa. No dia seguinte, \u00e0s 21h30, o S\u00e3o Paulo recebe o Atl\u00e9tico-GO\u00a0no Morumbi.<\/p>\n<p><span style=\"font-weight: 400;\">Fonte: Ag\u00eancia Brasil<\/span><\/p>\n","protected":false},"excerpt":{"rendered":"<p>A Conmebol definiu nesta sexta feira (12) as datas e hor\u00e1rios das semifinais das Copas Libertadores e Sul-Americana. Os primeiros a entrarem em campo ser\u00e3o Athletico-PR e Palmeiras, em 30 de agosto, na Arena da Baixada, em Curitiba, pela Libertadores. No dia seguinte, o V\u00e9lez (Argentina) recebe o Flamengo no Est\u00e1dio Jos\u00e9 Amalfitani, na capital [&hellip;]<\/p>\n","protected":false},"author":246,"featured_media":202994,"comment_status":"closed","ping_status":"closed","sticky":false,"template":"","format":"standard","meta":{"footnotes":""},"categories":[436,257,439],"tags":[],"class_list":["post-202993","post","type-post","status-publish","format-standard","has-post-thumbnail","hentry","category-destaque-da-semana","category-esporte","category-ultima-hora"],"_links":{"self":[{"href":"https:\/\/diarioregionaldigital.com.br\/index.php?rest_route=\/wp\/v2\/posts\/202993","targetHints":{"allow":["GET"]}}],"collection":[{"href":"https:\/\/diarioregionaldigital.com.br\/index.php?rest_route=\/wp\/v2\/posts"}],"about":[{"href":"https:\/\/diarioregionaldigital.com.br\/index.php?rest_route=\/wp\/v2\/types\/post"}],"author":[{"embeddable":true,"href":"https:\/\/diarioregionaldigital.com.br\/index.php?rest_route=\/wp\/v2\/users\/246"}],"replies":[{"embeddable":true,"href":"https:\/\/diarioregionaldigital.com.br\/index.php?rest_route=%2Fwp%2Fv2%2Fcomments&post=202993"}],"version-history":[{"count":2,"href":"https:\/\/diarioregionaldigital.com.br\/index.php?rest_route=\/wp\/v2\/posts\/202993\/revisions"}],"predecessor-version":[{"id":202996,"href":"https:\/\/diarioregionaldigital.com.br\/index.php?rest_route=\/wp\/v2\/posts\/202993\/revisions\/202996"}],"wp:featuredmedia":[{"embeddable":true,"href":"https:\/\/diarioregionaldigital.com.br\/index.php?rest_route=\/wp\/v2\/media\/202994"}],"wp:attachment":[{"href":"https:\/\/diarioregionaldigital.com.br\/index.php?rest_route=%2Fwp%2Fv2%2Fmedia&parent=202993"}],"wp:term":[{"taxonomy":"category","embeddable":true,"href":"https:\/\/diarioregionaldigital.com.br\/index.php?rest_route=%2Fwp%2Fv2%2Fcategories&post=202993"},{"taxonomy":"post_tag","embeddable":true,"href":"https:\/\/diarioregionaldigital.com.br\/index.php?rest_route=%2Fwp%2Fv2%2Ftags&post=202993"}],"curies":[{"name":"wp","href":"https:\/\/api.w.org\/{rel}","templated":true}]}}