{"id":202986,"date":"2022-08-12T20:33:42","date_gmt":"2022-08-12T23:33:42","guid":{"rendered":"https:\/\/diarioregionaldigital.com.br\/?p=202986"},"modified":"2022-08-12T20:33:42","modified_gmt":"2022-08-12T23:33:42","slug":"vinicius-casemiro-e-fabinho-sao-indicados-a-premio-bola-de-ouro-2022","status":"publish","type":"post","link":"https:\/\/diarioregionaldigital.com.br\/?p=202986","title":{"rendered":"Vinicius, Casemiro e Fabinho s\u00e3o indicados a pr\u00eamio Bola de Ouro 2022"},"content":{"rendered":"<p>Os brasileiros Vinicius J\u00fanior e Casemiro, ambos do Real Madrid, e Fabinho (Liverpool) est\u00e3o na lista dos 30 indicados ao pr\u00eamio Bola de Ouro 2022, organizado pela revista France Football. O atacante Neymar ficou de fora da rela\u00e7\u00e3o publicada nesta sexta-feira (12), assim como o argentino Lionel Messi, que faturou o trof\u00e9u ano passado e em outras seis edi\u00e7\u00f5es. Esta \u00e9 a primeira vez desde 2006 que Messi n\u00e3o \u00e9 indicado ao pr\u00eamio.<img decoding=\"async\" src=\"https:\/\/agenciabrasil.ebc.com.br\/ebc.png?id=1476089&amp;o=node\" \/><img decoding=\"async\" src=\"https:\/\/agenciabrasil.ebc.com.br\/ebc.gif?id=1476089&amp;o=node\" \/><\/p>\n<p>Assim como nas edi\u00e7\u00f5es de 2019 e 2021 \u2013 n\u00e3o ouve premia\u00e7\u00e3o em 2020 devido \u00e0 pandemia de covid-19 \u2013 a rela\u00e7\u00e3o da revista France Football traz novamente Benzema (Real Madrid), De Bruyne (Manchester City), Riyad Mahrez (Manchester City), Lewandowski (Barcelona), Mbapp\u00e9 (Paris Saint-Germain), Man\u00e9 (Liverpool) e Cristiano Ronaldo (Manchester United).<\/p>\n<p>Atacante da sele\u00e7\u00e3o portuguesa, CR7 j\u00e1 conquistou cinco veze o trof\u00e9u Bola de Ouro; esta \u00e9 sua 18\u00aa indica\u00e7\u00e3o ao pr\u00eamio. Portugal tem ainda tr\u00eas outros jogadores na lista: Jo\u00e3o Cancelo e Bernardo Silva, ambos do Manchester City, e o atacante Rafael Le\u00e3o, do Milan.<\/p>\n<p>O Liverpool (Inglaterra) lidera o n\u00famero de indica\u00e7\u00f5es, com seis nomes. Al\u00e9m do brasileiro Fabinho e do senegal\u00eas Sadio Man\u00e9 (atuamente no Bayer de Munique), est\u00e3o na rela\u00e7\u00e3o Trent Alexander-Arnold, Virgil van Dijk, Darwin N\u00fa\u00f1ez e Luis Diaz.<\/p>\n<h2>Lista de indicados ao Bola de Ouro<\/h2>\n<p>Antonio R\u00fcdiger (ALE, Real Madrid, zagueiro)<\/p>\n<p>Bernardo Silva (POR, Manchester City, meia)<\/p>\n<p>Casemiro (BRA, Real Madrid, volante)<\/p>\n<p>Christopher Nkunku (FRA, RB Leipzig, meia)<\/p>\n<p>Cristiano Ronaldo (POR, Manchester United, atacante)<\/p>\n<p>Darwin N\u00fa\u00f1ez (URU, Liverpool, atacante)<\/p>\n<p>Dusan Vlahovic (SER, Juventus, atacante)<\/p>\n<p>Erling Haaland (NOR, Manchester City, atacante)<\/p>\n<p>Fabinho (BRA, Liverpool, volante)<\/p>\n<p>Harry Kane (ING, Tottenham, atacante)<\/p>\n<p>Heung-Min Son (COR, Tottenham, atacante)<\/p>\n<p>Jo\u00e3o Cancelo (POR, Manchester City, lateral-direito)<\/p>\n<p>Joshua Kimmich (ALE, Bayern de Munique, volante)<\/p>\n<p>Karim Benzema (FRA, Real Madrid, atacante)<\/p>\n<p>Kevin de Bruyne (BEL, Manchester City, meia)<\/p>\n<p>Kylian Mbapp\u00e9 (FRA, PSG, atacante)<\/p>\n<p>Luis D\u00edaz (COL, Liverpool, atacante)<\/p>\n<p>Luka Modric (CRO, Real Madrid, meia)<\/p>\n<p>Mike Maignan (FRA, Milan, goleiro)<\/p>\n<p>Mohamed Salah (EGI, Liverpool, atacante)<\/p>\n<p>Phil Foden (ING, Manchester City, atacante)<\/p>\n<p>Rafael Le\u00e3o (POR, Milan, atacante)<\/p>\n<p>Riyad Mahrez (ARG, Manchester City, meia)<\/p>\n<p>Robert Lewandowski (POL, Barcelona, atacante)<\/p>\n<p>Sadio Man\u00e9 (SEN, Bayern de Munique, atacante)<\/p>\n<p>S\u00e9bastien Haller (COS, Borussia Dortmund, atacante)<\/p>\n<p>Thibaut Courtois (BEL, Real Madrid, goleiro)<\/p>\n<p>Trent Alexander-Arnold (ING, Liverpool, lateral-direito)Vinicius Junior (BRA, Real Madrid, atacante)<\/p>\n<p>Virgil van Dijk (HOL, Liverpool, zagueiro)<\/p>\n<p><span style=\"font-weight: 400;\">Fonte: Ag\u00eancia Brasil<\/span><\/p>\n","protected":false},"excerpt":{"rendered":"<p>Os brasileiros Vinicius J\u00fanior e Casemiro, ambos do Real Madrid, e Fabinho (Liverpool) est\u00e3o na lista dos 30 indicados ao pr\u00eamio Bola de Ouro 2022, organizado pela revista France Football. O atacante Neymar ficou de fora da rela\u00e7\u00e3o publicada nesta sexta-feira (12), assim como o argentino Lionel Messi, que faturou o trof\u00e9u ano passado e [&hellip;]<\/p>\n","protected":false},"author":246,"featured_media":202987,"comment_status":"closed","ping_status":"closed","sticky":false,"template":"","format":"standard","meta":{"footnotes":""},"categories":[436,440,257,439],"tags":[],"class_list":["post-202986","post","type-post","status-publish","format-standard","has-post-thumbnail","hentry","category-destaque-da-semana","category-destaques-do-dia","category-esporte","category-ultima-hora"],"_links":{"self":[{"href":"https:\/\/diarioregionaldigital.com.br\/index.php?rest_route=\/wp\/v2\/posts\/202986","targetHints":{"allow":["GET"]}}],"collection":[{"href":"https:\/\/diarioregionaldigital.com.br\/index.php?rest_route=\/wp\/v2\/posts"}],"about":[{"href":"https:\/\/diarioregionaldigital.com.br\/index.php?rest_route=\/wp\/v2\/types\/post"}],"author":[{"embeddable":true,"href":"https:\/\/diarioregionaldigital.com.br\/index.php?rest_route=\/wp\/v2\/users\/246"}],"replies":[{"embeddable":true,"href":"https:\/\/diarioregionaldigital.com.br\/index.php?rest_route=%2Fwp%2Fv2%2Fcomments&post=202986"}],"version-history":[{"count":2,"href":"https:\/\/diarioregionaldigital.com.br\/index.php?rest_route=\/wp\/v2\/posts\/202986\/revisions"}],"predecessor-version":[{"id":202989,"href":"https:\/\/diarioregionaldigital.com.br\/index.php?rest_route=\/wp\/v2\/posts\/202986\/revisions\/202989"}],"wp:featuredmedia":[{"embeddable":true,"href":"https:\/\/diarioregionaldigital.com.br\/index.php?rest_route=\/wp\/v2\/media\/202987"}],"wp:attachment":[{"href":"https:\/\/diarioregionaldigital.com.br\/index.php?rest_route=%2Fwp%2Fv2%2Fmedia&parent=202986"}],"wp:term":[{"taxonomy":"category","embeddable":true,"href":"https:\/\/diarioregionaldigital.com.br\/index.php?rest_route=%2Fwp%2Fv2%2Fcategories&post=202986"},{"taxonomy":"post_tag","embeddable":true,"href":"https:\/\/diarioregionaldigital.com.br\/index.php?rest_route=%2Fwp%2Fv2%2Ftags&post=202986"}],"curies":[{"name":"wp","href":"https:\/\/api.w.org\/{rel}","templated":true}]}}