{"id":202983,"date":"2022-08-12T20:30:03","date_gmt":"2022-08-12T23:30:03","guid":{"rendered":"https:\/\/diarioregionaldigital.com.br\/?p=202983"},"modified":"2022-08-12T20:30:03","modified_gmt":"2022-08-12T23:30:03","slug":"soraya-thronicke-registra-candidatura-a-presidencia-no-tse","status":"publish","type":"post","link":"https:\/\/diarioregionaldigital.com.br\/?p=202983","title":{"rendered":"Soraya Thronicke registra candidatura \u00e0 Presid\u00eancia no TSE"},"content":{"rendered":"<p>A senadora Soraya Thronicke (Uni\u00e3o-MS) apresentou hoje (12) registro de candidatura \u00e0 Presid\u00eancia da Rep\u00fablica no Tribunal Superior Eleitoral (TSE). A chapa ter\u00e1 o economista e ex-secret\u00e1rio da Receita Federal Marcos Cintra como candidato ao cargo de vice-presidente.<img decoding=\"async\" src=\"https:\/\/agenciabrasil.ebc.com.br\/ebc.png?id=1476070&amp;o=node\" \/><img decoding=\"async\" src=\"https:\/\/agenciabrasil.ebc.com.br\/ebc.gif?id=1476070&amp;o=node\" \/><\/p>\n<p>A senadora declarou \u00e0 Justi\u00e7a Eleitoral lista de bens avaliados em R$ 783 mil. Foram declarados dep\u00f3sitos banc\u00e1rios e participa\u00e7\u00f5es societ\u00e1rias. Cintra tem patrim\u00f4nio de R$ 12,5 milh\u00f5es, entre dep\u00f3sitos, participa\u00e7\u00f5es societ\u00e1rias, aplica\u00e7\u00f5es financeiras e objetos de arte.<\/p>\n<p>No plano de governo apresentado ao TSE, a chapa defende a unifica\u00e7\u00e3o dos tributos e contribui\u00e7\u00f5es federais para auxiliar na retomada da economia ap\u00f3s a pandemia de covid-19, al\u00e9m de pol\u00edtica de apoio aos micro e pequenos empreendedores.<\/p>\n<p>Na educa\u00e7\u00e3o, os candidatos prop\u00f5em melhorar a remunera\u00e7\u00e3o e a qualifica\u00e7\u00e3o de professores, combater a evas\u00e3o escolar e adotar um plano conjunto com estados e munic\u00edpios para melhora dos \u00edndices educacionais.<\/p>\n<p>Na sa\u00fade, a chapa quer ampliar o atendimento do cidad\u00e3o no Sistema \u00danico de Sa\u00fade (SUS) e aumentar os recursos para a \u00e1rea.<\/p>\n<p>At\u00e9 o momento, o TSE recebeu dez pedidos de registros de candidatura \u00e0 Presid\u00eancia. Para os cargos de deputado estadual, federal, distrital, senador e governador, o registro \u00e9 realizado nos tribunais regionais eleitorais.<\/p>\n<p>O pedido de registro \u00e9 uma formalidade necess\u00e1ria para que a Justi\u00e7a Eleitoral possa verificar se os candidatos t\u00eam alguma restri\u00e7\u00e3o legal e n\u00e3o podem concorrer \u00e0s elei\u00e7\u00f5es de outubro.<\/p>\n<p><span style=\"font-weight: 400;\"><br \/>\n<\/span><span style=\"font-weight: 400;\">Fonte: Ag\u00eancia Brasil<\/span><\/p>\n","protected":false},"excerpt":{"rendered":"<p>A senadora Soraya Thronicke (Uni\u00e3o-MS) apresentou hoje (12) registro de candidatura \u00e0 Presid\u00eancia da Rep\u00fablica no Tribunal Superior Eleitoral (TSE). A chapa ter\u00e1 o economista e ex-secret\u00e1rio da Receita Federal Marcos Cintra como candidato ao cargo de vice-presidente. A senadora declarou \u00e0 Justi\u00e7a Eleitoral lista de bens avaliados em R$ 783 mil. Foram declarados dep\u00f3sitos [&hellip;]<\/p>\n","protected":false},"author":246,"featured_media":202984,"comment_status":"closed","ping_status":"closed","sticky":false,"template":"","format":"standard","meta":{"footnotes":""},"categories":[436,254,439],"tags":[],"class_list":["post-202983","post","type-post","status-publish","format-standard","has-post-thumbnail","hentry","category-destaque-da-semana","category-politica","category-ultima-hora"],"_links":{"self":[{"href":"https:\/\/diarioregionaldigital.com.br\/index.php?rest_route=\/wp\/v2\/posts\/202983","targetHints":{"allow":["GET"]}}],"collection":[{"href":"https:\/\/diarioregionaldigital.com.br\/index.php?rest_route=\/wp\/v2\/posts"}],"about":[{"href":"https:\/\/diarioregionaldigital.com.br\/index.php?rest_route=\/wp\/v2\/types\/post"}],"author":[{"embeddable":true,"href":"https:\/\/diarioregionaldigital.com.br\/index.php?rest_route=\/wp\/v2\/users\/246"}],"replies":[{"embeddable":true,"href":"https:\/\/diarioregionaldigital.com.br\/index.php?rest_route=%2Fwp%2Fv2%2Fcomments&post=202983"}],"version-history":[{"count":1,"href":"https:\/\/diarioregionaldigital.com.br\/index.php?rest_route=\/wp\/v2\/posts\/202983\/revisions"}],"predecessor-version":[{"id":202985,"href":"https:\/\/diarioregionaldigital.com.br\/index.php?rest_route=\/wp\/v2\/posts\/202983\/revisions\/202985"}],"wp:featuredmedia":[{"embeddable":true,"href":"https:\/\/diarioregionaldigital.com.br\/index.php?rest_route=\/wp\/v2\/media\/202984"}],"wp:attachment":[{"href":"https:\/\/diarioregionaldigital.com.br\/index.php?rest_route=%2Fwp%2Fv2%2Fmedia&parent=202983"}],"wp:term":[{"taxonomy":"category","embeddable":true,"href":"https:\/\/diarioregionaldigital.com.br\/index.php?rest_route=%2Fwp%2Fv2%2Fcategories&post=202983"},{"taxonomy":"post_tag","embeddable":true,"href":"https:\/\/diarioregionaldigital.com.br\/index.php?rest_route=%2Fwp%2Fv2%2Ftags&post=202983"}],"curies":[{"name":"wp","href":"https:\/\/api.w.org\/{rel}","templated":true}]}}