{"id":202979,"date":"2022-08-12T20:28:49","date_gmt":"2022-08-12T23:28:49","guid":{"rendered":"https:\/\/diarioregionaldigital.com.br\/?p=202979"},"modified":"2022-08-12T20:28:49","modified_gmt":"2022-08-12T23:28:49","slug":"eleicoes-2022-prazo-para-registro-de-candidatos-termina-na-segunda","status":"publish","type":"post","link":"https:\/\/diarioregionaldigital.com.br\/?p=202979","title":{"rendered":"Elei\u00e7\u00f5es 2022: prazo para registro de candidatos termina na segunda"},"content":{"rendered":"<div>Termina na pr\u00f3xima\u00a0<span id=\"OBJ_PREFIX_DWT2156_com_zimbra_date\" role=\"link\">segunda<\/span>-feira (15) o prazo para que partidos, coliga\u00e7\u00f5es e federa\u00e7\u00f5es partid\u00e1rias apresentem o registro de candidatos para qualquer dos cargos em disputa nas Elei\u00e7\u00f5es 2022, cujo primeiro turno est\u00e1 marcado para\u00a0<span id=\"OBJ_PREFIX_DWT2148_com_zimbra_date\" role=\"link\"><span id=\"OBJ_PREFIX_DWT2157_com_zimbra_date\" role=\"link\">2 de outubro<\/span><\/span>.<\/div>\n<div>\n<div id=\"zimbraEditorContainer\">\n<p>Eventual segundo turno ocorrer\u00e1 em\u00a0<span id=\"OBJ_PREFIX_DWT2149_com_zimbra_date\" role=\"link\"><span id=\"OBJ_PREFIX_DWT2158_com_zimbra_date\" role=\"link\">30 de outubro<\/span><\/span>\u00a0no caso das disputas para governador e presidente. Neste ano, os eleitores votam ainda para os cargos de senador, deputado federal e deputado estadual ou distrital.<img decoding=\"async\" src=\"https:\/\/agenciabrasil.ebc.com.br\/ebc.png?id=1476073&amp;o=node\" \/><img decoding=\"async\" src=\"https:\/\/agenciabrasil.ebc.com.br\/ebc.gif?id=1476073&amp;o=node\" \/><\/p>\n<p>O prazo para o registro das candidaturas se encerra \u00e0s 8h, no caso de ser feito pela internet, ou \u00e0s 19hs, se a entrega de m\u00eddias com a documenta\u00e7\u00e3o necess\u00e1ria for feita diretamente no Tribunal Superior Eleitoral (TSE) \u2013 se a candidatura for para presidente e vice \u2013 ou nos Tribunal Regionais Eleitorais (TREs)\u00a0para os demais cargos.<\/p>\n<p>Cada partido pode apresentar apenas uma candidatura a presidente, governador e senador, com os respectivos suplentes. No caso de deputado federal, estadual ou distrital, cada sigla poder\u00e1 indicar candidatos no n\u00famero de todas as cadeiras a serem ocupadas, mais uma.<\/p>\n<p>No caso das elei\u00e7\u00f5es proporcionais \u2013 para deputado, seja federal, estadual ou distrital \u2013 a legisla\u00e7\u00e3o prev\u00ea que 30% das candidaturas apresentadas por cada legenda sejam obrigatoriamente de mulheres.<\/p>\n<p>No ato de registro deve constar sempre o nome a ser mostrado na urna, a rela\u00e7\u00e3o de bens do candidato, fotografia recente nas especifica\u00e7\u00f5es dadas pelo TSE, certid\u00f5es criminais e prova de alfabetiza\u00e7\u00e3o, entre outras informa\u00e7\u00f5es e documentos.<\/p>\n<p>At\u00e9 o momento, foram registrados 10 candidaturas \u00e0 Presid\u00eancia da Rep\u00fablica, com os respectivos vices. Para governador, at\u00e9 o momento h\u00e1 131 candidatos, espalhados por todas as unidades da federa\u00e7\u00e3o. No caso de senador, 142 se registraram.<\/p>\n<p>Para as elei\u00e7\u00f5es proporcionais foram registradas, at\u00e9 as 16h desta\u00a0<span id=\"OBJ_PREFIX_DWT2150_com_zimbra_date\" role=\"link\"><span id=\"OBJ_PREFIX_DWT2159_com_zimbra_date\" role=\"link\">sexta<\/span><\/span>-feira (12), 12.126 candidaturas a deputados estadual, 7.985 a deputado federal e 336 a deputado distrital. Os dados s\u00e3o disponibilizados em tempo real no\u00a0<a href=\"https:\/\/divulgacandcontas.tse.jus.br\/%C2%A0\" target=\"_blank\" rel=\"noopener\">sistema<\/a>\u00a0de divulga\u00e7\u00e3o de candidaturas e contas da Justi\u00e7a Eleitoral.<\/p>\n<p>Ap\u00f3s ser apresentado, o registro ainda deve ser julgado pela Justi\u00e7a Eleitoral, que pode deferi-lo ou n\u00e3o, conforme o atendimento aos requisitos legais. O prazo para o julgamento de todas as candidaturas \u00e9\u00a0<span id=\"OBJ_PREFIX_DWT2152_com_zimbra_date\" role=\"link\"><span id=\"OBJ_PREFIX_DWT2161_com_zimbra_date\" role=\"link\">12 de setembro<\/span><\/span>, 20 dias antes do pleito.<\/p>\n<p><span style=\"font-weight: 400;\">Fonte: Ag\u00eancia Brasil<\/span><\/p>\n<\/div>\n<\/div>\n","protected":false},"excerpt":{"rendered":"<p>Termina na pr\u00f3xima\u00a0segunda-feira (15) o prazo para que partidos, coliga\u00e7\u00f5es e federa\u00e7\u00f5es partid\u00e1rias apresentem o registro de candidatos para qualquer dos cargos em disputa nas Elei\u00e7\u00f5es 2022, cujo primeiro turno est\u00e1 marcado para\u00a02 de outubro. Eventual segundo turno ocorrer\u00e1 em\u00a030 de outubro\u00a0no caso das disputas para governador e presidente. Neste ano, os eleitores votam ainda [&hellip;]<\/p>\n","protected":false},"author":246,"featured_media":202980,"comment_status":"closed","ping_status":"closed","sticky":false,"template":"","format":"standard","meta":{"footnotes":""},"categories":[436,254,439],"tags":[],"class_list":["post-202979","post","type-post","status-publish","format-standard","has-post-thumbnail","hentry","category-destaque-da-semana","category-politica","category-ultima-hora"],"_links":{"self":[{"href":"https:\/\/diarioregionaldigital.com.br\/index.php?rest_route=\/wp\/v2\/posts\/202979","targetHints":{"allow":["GET"]}}],"collection":[{"href":"https:\/\/diarioregionaldigital.com.br\/index.php?rest_route=\/wp\/v2\/posts"}],"about":[{"href":"https:\/\/diarioregionaldigital.com.br\/index.php?rest_route=\/wp\/v2\/types\/post"}],"author":[{"embeddable":true,"href":"https:\/\/diarioregionaldigital.com.br\/index.php?rest_route=\/wp\/v2\/users\/246"}],"replies":[{"embeddable":true,"href":"https:\/\/diarioregionaldigital.com.br\/index.php?rest_route=%2Fwp%2Fv2%2Fcomments&post=202979"}],"version-history":[{"count":1,"href":"https:\/\/diarioregionaldigital.com.br\/index.php?rest_route=\/wp\/v2\/posts\/202979\/revisions"}],"predecessor-version":[{"id":202981,"href":"https:\/\/diarioregionaldigital.com.br\/index.php?rest_route=\/wp\/v2\/posts\/202979\/revisions\/202981"}],"wp:featuredmedia":[{"embeddable":true,"href":"https:\/\/diarioregionaldigital.com.br\/index.php?rest_route=\/wp\/v2\/media\/202980"}],"wp:attachment":[{"href":"https:\/\/diarioregionaldigital.com.br\/index.php?rest_route=%2Fwp%2Fv2%2Fmedia&parent=202979"}],"wp:term":[{"taxonomy":"category","embeddable":true,"href":"https:\/\/diarioregionaldigital.com.br\/index.php?rest_route=%2Fwp%2Fv2%2Fcategories&post=202979"},{"taxonomy":"post_tag","embeddable":true,"href":"https:\/\/diarioregionaldigital.com.br\/index.php?rest_route=%2Fwp%2Fv2%2Ftags&post=202979"}],"curies":[{"name":"wp","href":"https:\/\/api.w.org\/{rel}","templated":true}]}}