{"id":202976,"date":"2022-08-12T20:27:19","date_gmt":"2022-08-12T23:27:19","guid":{"rendered":"https:\/\/diarioregionaldigital.com.br\/?p=202976"},"modified":"2022-08-12T20:27:19","modified_gmt":"2022-08-12T23:27:19","slug":"ministro-do-tse-nega-pedido-do-pl-de-retirar-video-de-lula-da-internet","status":"publish","type":"post","link":"https:\/\/diarioregionaldigital.com.br\/?p=202976","title":{"rendered":"Ministro do TSE nega pedido do PL de retirar v\u00eddeo de Lula da internet"},"content":{"rendered":"<p>O ministro Raul Ara\u00fajo, do Tribunal Superior Eleitoral (TSE), negou pedido feito pelo PL para retirar da internet um v\u00eddeo do ato p\u00fablico que contou com a participa\u00e7\u00e3o do candidato \u00e0 Presid\u00eancia Luiz In\u00e1cio Lula da Silva, em Fortaleza, no dia 30 de julho.\u00a0<img decoding=\"async\" src=\"https:\/\/agenciabrasil.ebc.com.br\/ebc.png?id=1476094&amp;o=node\" \/><img decoding=\"async\" src=\"https:\/\/agenciabrasil.ebc.com.br\/ebc.gif?id=1476094&amp;o=node\" \/><\/p>\n<p>Na representa\u00e7\u00e3o enviada ao TSE, o partido alegou que Lula fez propaganda eleitoral antecipada em pr\u00f3prio favor e negativa contra o candidato \u00e0 reelei\u00e7\u00e3o Jair Bolsonaro. Segundo o PL, Lula teria adotado &#8220;discurso de \u00f3dio e ofensas \u00e0 honra&#8221; de Bolsonaro ao cham\u00e1-lo de \u201cmentiroso\u201d e \u201ccovarde\u201d.<\/p>\n<p>Na decis\u00e3o proferida na quarta-feira (10), o ministro entendeu que n\u00e3o houve pedido expl\u00edcito de votos e que as falas contidas no discurso s\u00e3o considera\u00e7\u00f5es cr\u00edticas contra o candidato advers\u00e1rio.<\/p>\n<p>&#8220;O discurso proferido pelo representado Luiz In\u00e1cio Lula da Silva n\u00e3o cont\u00e9m pedido expl\u00edcito de voto, consubstancia-se na exalta\u00e7\u00e3o de suas qualidades pessoais, revela opini\u00f5es cr\u00edticas aos seus advers\u00e1rios, bem como exterioriza pensamento pessoal sobre quest\u00f5es de natureza pol\u00edtica. Nesse contexto, em ju\u00edzo de cogni\u00e7\u00e3o sum\u00e1ria sobre a pretens\u00e3o articulada na peti\u00e7\u00e3o inicial, tudo indica que o discurso proferido pelo representado n\u00e3o desborda dos limites impostos pela legisla\u00e7\u00e3o eleitoral ao exerc\u00edcio de liberdades p\u00fablicas&#8221;, decidiu o ministro.<\/p>\n<p><span style=\"font-weight: 400;\">Fonte: Ag\u00eancia Brasil<\/span><\/p>\n","protected":false},"excerpt":{"rendered":"<p>O ministro Raul Ara\u00fajo, do Tribunal Superior Eleitoral (TSE), negou pedido feito pelo PL para retirar da internet um v\u00eddeo do ato p\u00fablico que contou com a participa\u00e7\u00e3o do candidato \u00e0 Presid\u00eancia Luiz In\u00e1cio Lula da Silva, em Fortaleza, no dia 30 de julho.\u00a0 Na representa\u00e7\u00e3o enviada ao TSE, o partido alegou que Lula fez [&hellip;]<\/p>\n","protected":false},"author":246,"featured_media":202977,"comment_status":"closed","ping_status":"closed","sticky":false,"template":"","format":"standard","meta":{"footnotes":""},"categories":[436,254,439],"tags":[],"class_list":["post-202976","post","type-post","status-publish","format-standard","has-post-thumbnail","hentry","category-destaque-da-semana","category-politica","category-ultima-hora"],"_links":{"self":[{"href":"https:\/\/diarioregionaldigital.com.br\/index.php?rest_route=\/wp\/v2\/posts\/202976","targetHints":{"allow":["GET"]}}],"collection":[{"href":"https:\/\/diarioregionaldigital.com.br\/index.php?rest_route=\/wp\/v2\/posts"}],"about":[{"href":"https:\/\/diarioregionaldigital.com.br\/index.php?rest_route=\/wp\/v2\/types\/post"}],"author":[{"embeddable":true,"href":"https:\/\/diarioregionaldigital.com.br\/index.php?rest_route=\/wp\/v2\/users\/246"}],"replies":[{"embeddable":true,"href":"https:\/\/diarioregionaldigital.com.br\/index.php?rest_route=%2Fwp%2Fv2%2Fcomments&post=202976"}],"version-history":[{"count":1,"href":"https:\/\/diarioregionaldigital.com.br\/index.php?rest_route=\/wp\/v2\/posts\/202976\/revisions"}],"predecessor-version":[{"id":202978,"href":"https:\/\/diarioregionaldigital.com.br\/index.php?rest_route=\/wp\/v2\/posts\/202976\/revisions\/202978"}],"wp:featuredmedia":[{"embeddable":true,"href":"https:\/\/diarioregionaldigital.com.br\/index.php?rest_route=\/wp\/v2\/media\/202977"}],"wp:attachment":[{"href":"https:\/\/diarioregionaldigital.com.br\/index.php?rest_route=%2Fwp%2Fv2%2Fmedia&parent=202976"}],"wp:term":[{"taxonomy":"category","embeddable":true,"href":"https:\/\/diarioregionaldigital.com.br\/index.php?rest_route=%2Fwp%2Fv2%2Fcategories&post=202976"},{"taxonomy":"post_tag","embeddable":true,"href":"https:\/\/diarioregionaldigital.com.br\/index.php?rest_route=%2Fwp%2Fv2%2Ftags&post=202976"}],"curies":[{"name":"wp","href":"https:\/\/api.w.org\/{rel}","templated":true}]}}