{"id":202973,"date":"2022-08-12T20:25:07","date_gmt":"2022-08-12T23:25:07","guid":{"rendered":"https:\/\/diarioregionaldigital.com.br\/?p=202973"},"modified":"2022-08-12T20:25:07","modified_gmt":"2022-08-12T23:25:07","slug":"decreto-regulamenta-credito-consignado-no-auxilio-brasil","status":"publish","type":"post","link":"https:\/\/diarioregionaldigital.com.br\/?p=202973","title":{"rendered":"Decreto regulamenta cr\u00e9dito consignado no Aux\u00edlio Brasil"},"content":{"rendered":"<p>O presidente Jair Bolsonaro assinou decreto que regulamenta as concess\u00f5es de empr\u00e9stimo consignado a benefici\u00e1rios do Programa Aux\u00edlio Brasil. O\u00a0<a href=\"https:\/\/www.in.gov.br\/en\/web\/dou\/-\/decreto-n-11.170-de-11-de-agosto-de-2022-421935048\" target=\"_blank\" rel=\"noopener\">texto<\/a>\u00a0foi publicado\u00a0hoje\u00a0(12) no\u00a0<em>Di\u00e1rio Oficial da Uni\u00e3o.<\/em><img decoding=\"async\" src=\"https:\/\/agenciabrasil.ebc.com.br\/ebc.png?id=1475998&amp;o=node\" \/><img decoding=\"async\" src=\"https:\/\/agenciabrasil.ebc.com.br\/ebc.gif?id=1475998&amp;o=node\" \/><\/p>\n<p>O Minist\u00e9rio da Cidadania ainda editar\u00e1 normas complementares para o in\u00edcio das opera\u00e7\u00f5es e ser\u00e1 o respons\u00e1vel pela reten\u00e7\u00e3o dos valores autorizados pelo benefici\u00e1rio do programa e pelo \u00a0repasse \u00e0 institui\u00e7\u00e3o financeira consignat\u00e1ria. O cr\u00e9dito consignado \u00e9 aquele concedido pelas institui\u00e7\u00f5es financeiras com desconto autom\u00e1tico das parcelas em folha de pagamento do sal\u00e1rio ou benef\u00edcio.<\/p>\n<p>Os benefici\u00e1rios do Aux\u00edlio Brasil poder\u00e3o fazer empr\u00e9stimos de at\u00e9 40% do valor do benef\u00edcio e autorizar a Uni\u00e3o a descontar o valor da parcela dos repasses mensais. De acordo com o decreto, a responsabilidade sobre a d\u00edvida \u201cser\u00e1 direta e exclusiva do benefici\u00e1rio. A Uni\u00e3o n\u00e3o poder\u00e1 ser responsabilizada, ainda que subsidiariamente, em qualquer hip\u00f3tese\u201d.<\/p>\n<p>\u201cNa hip\u00f3tese de o valor das consigna\u00e7\u00f5es contratadas ultrapassar, de forma isolada ou combinada com consigna\u00e7\u00f5es anteriores, o limite m\u00e1ximo previsto em lei, ser\u00e3o descontadas prioritariamente as parcelas relativas aos contratos mais antigos\u201d, diz o decreto. Nesse caso, ser\u00e1 permitido o desconto parcial at\u00e9 o limite estabelecido.<\/p>\n<p>A\u00a0<a href=\"https:\/\/agenciabrasil.ebc.com.br\/politica\/noticia\/2022-08\/sancionada-lei-que-libera-consignado-para-o-auxilio-brasil\" target=\"_blank\" rel=\"noopener\">lei<\/a>\u00a0que autorizou a concess\u00f5es de empr\u00e9stimos e financiamentos no \u00e2mbito do Aux\u00edlio Brasil foi publicada no \u00faltimo dia\u00a04 de agosto. A partir deste m\u00eas, at\u00e9 dezembro, o valor do benef\u00edcio passou de R$ 400 para R$ 600.<\/p>\n<p><span style=\"font-weight: 400;\">Fonte: Ag\u00eancia Brasil<\/span><\/p>\n","protected":false},"excerpt":{"rendered":"<p>O presidente Jair Bolsonaro assinou decreto que regulamenta as concess\u00f5es de empr\u00e9stimo consignado a benefici\u00e1rios do Programa Aux\u00edlio Brasil. O\u00a0texto\u00a0foi publicado\u00a0hoje\u00a0(12) no\u00a0Di\u00e1rio Oficial da Uni\u00e3o. O Minist\u00e9rio da Cidadania ainda editar\u00e1 normas complementares para o in\u00edcio das opera\u00e7\u00f5es e ser\u00e1 o respons\u00e1vel pela reten\u00e7\u00e3o dos valores autorizados pelo benefici\u00e1rio do programa e pelo \u00a0repasse \u00e0 [&hellip;]<\/p>\n","protected":false},"author":246,"featured_media":202974,"comment_status":"closed","ping_status":"closed","sticky":false,"template":"","format":"standard","meta":{"footnotes":""},"categories":[436,440,254,439],"tags":[],"class_list":["post-202973","post","type-post","status-publish","format-standard","has-post-thumbnail","hentry","category-destaque-da-semana","category-destaques-do-dia","category-politica","category-ultima-hora"],"_links":{"self":[{"href":"https:\/\/diarioregionaldigital.com.br\/index.php?rest_route=\/wp\/v2\/posts\/202973","targetHints":{"allow":["GET"]}}],"collection":[{"href":"https:\/\/diarioregionaldigital.com.br\/index.php?rest_route=\/wp\/v2\/posts"}],"about":[{"href":"https:\/\/diarioregionaldigital.com.br\/index.php?rest_route=\/wp\/v2\/types\/post"}],"author":[{"embeddable":true,"href":"https:\/\/diarioregionaldigital.com.br\/index.php?rest_route=\/wp\/v2\/users\/246"}],"replies":[{"embeddable":true,"href":"https:\/\/diarioregionaldigital.com.br\/index.php?rest_route=%2Fwp%2Fv2%2Fcomments&post=202973"}],"version-history":[{"count":1,"href":"https:\/\/diarioregionaldigital.com.br\/index.php?rest_route=\/wp\/v2\/posts\/202973\/revisions"}],"predecessor-version":[{"id":202975,"href":"https:\/\/diarioregionaldigital.com.br\/index.php?rest_route=\/wp\/v2\/posts\/202973\/revisions\/202975"}],"wp:featuredmedia":[{"embeddable":true,"href":"https:\/\/diarioregionaldigital.com.br\/index.php?rest_route=\/wp\/v2\/media\/202974"}],"wp:attachment":[{"href":"https:\/\/diarioregionaldigital.com.br\/index.php?rest_route=%2Fwp%2Fv2%2Fmedia&parent=202973"}],"wp:term":[{"taxonomy":"category","embeddable":true,"href":"https:\/\/diarioregionaldigital.com.br\/index.php?rest_route=%2Fwp%2Fv2%2Fcategories&post=202973"},{"taxonomy":"post_tag","embeddable":true,"href":"https:\/\/diarioregionaldigital.com.br\/index.php?rest_route=%2Fwp%2Fv2%2Ftags&post=202973"}],"curies":[{"name":"wp","href":"https:\/\/api.w.org\/{rel}","templated":true}]}}