{"id":202969,"date":"2022-08-12T20:17:59","date_gmt":"2022-08-12T23:17:59","guid":{"rendered":"https:\/\/diarioregionaldigital.com.br\/?p=202969"},"modified":"2022-08-12T20:17:59","modified_gmt":"2022-08-12T23:17:59","slug":"pronaf-disponibilizara-r-60-bi-para-financiar-plano-safra-2022-23","status":"publish","type":"post","link":"https:\/\/diarioregionaldigital.com.br\/?p=202969","title":{"rendered":"Pronaf disponibilizar\u00e1 R$ 60 bi para financiar Plano Safra 2022\/23"},"content":{"rendered":"<p>O aumento de demanda por financiamentos de custeio levou o governo a aumentar em R$ 6,54 bilh\u00f5es os recursos a serem disponibilizados via Programa Nacional de Fortalecimento da Agricultura Familiar (Pronaf). Dessa forma, o total reservado para este tipo de financiamento ampliou-se em 12%, passando de R$ 53,6 bilh\u00f5es para R$ 60,1 bilh\u00f5es.<img decoding=\"async\" src=\"https:\/\/agenciabrasil.ebc.com.br\/ebc.png?id=1475957&amp;o=node\" \/><img decoding=\"async\" src=\"https:\/\/agenciabrasil.ebc.com.br\/ebc.gif?id=1475957&amp;o=node\" \/><\/p>\n<p>Segundo o Minist\u00e9rio da Agricultura, Pecu\u00e1ria e Abastecimento (Mapa), a maior parte desse refor\u00e7o (R$ 4,74 bilh\u00f5es) vir\u00e1 de \u201crecursos novos, a partir da aloca\u00e7\u00e3o de mais R$ 126,8 milh\u00f5es de recursos or\u00e7ament\u00e1rios em 2022 para o Plano Safra 2022\/23\u201d.<\/p>\n<p>A outra parte (R$ 1,8 bilh\u00e3o) ter\u00e1, como origem, remanejamentos no \u00e2mbito dos bancos p\u00fablicos federais (Caixa, BNDES e do Banco do Brasil).<\/p>\n<p>\u201cEsses recursos ser\u00e3o destinados aos bancos que operam Pronaf Custeio e que j\u00e1 sinalizaram insufici\u00eancia de recursos para atender a demanda dos agricultores. Assim, R$ 6,07 bilh\u00f5es ser\u00e3o encaminhados ao Banco do Brasil, e R$ 474 milh\u00f5es ao BNDES\u201d, informou o minist\u00e9rio.<\/p>\n<p>O BNDES receber\u00e1, tamb\u00e9m, recursos do Programa Agricultura de Baixo Carbono (R$ 287,5 milh\u00f5es) e do Programa de Constru\u00e7\u00e3o e Amplia\u00e7\u00e3o de Armaz\u00e9ns (R$ 438,5 milh\u00f5es).<\/p>\n<p>A expectativa do governo \u00e9 que n\u00e3o haja interrup\u00e7\u00e3o na concess\u00e3o de financiamentos neste momento em que a safra come\u00e7a a ser plantada para o atendimento a pequenos agricultores.<\/p>\n<p>O Mapa destaca que o Plano Safra 2022\/2023, lan\u00e7ado em julho, prev\u00ea R$ 340,9 bilh\u00f5es em financiamentos para a produ\u00e7\u00e3o agropecu\u00e1ria nacional at\u00e9 junho de 2023.<\/p>\n<p>\u201cDos R$ 340,9 bilh\u00f5es, j\u00e1 foram contratados R$ 30 bilh\u00f5es, o que corresponde a 8,8% do total. Mais de 90% dos recursos est\u00e3o dispon\u00edveis para contrata\u00e7\u00e3o por meio das diferentes institui\u00e7\u00f5es que operam no cr\u00e9dito rural, nas modalidades de custeio, comercializa\u00e7\u00e3o e investimento\u201d, detalhou o minist\u00e9rio.<\/p>\n<p><span style=\"font-weight: 400;\">Fonte: Ag\u00eancia Brasil<\/span><\/p>\n","protected":false},"excerpt":{"rendered":"<p>O aumento de demanda por financiamentos de custeio levou o governo a aumentar em R$ 6,54 bilh\u00f5es os recursos a serem disponibilizados via Programa Nacional de Fortalecimento da Agricultura Familiar (Pronaf). Dessa forma, o total reservado para este tipo de financiamento ampliou-se em 12%, passando de R$ 53,6 bilh\u00f5es para R$ 60,1 bilh\u00f5es. Segundo o [&hellip;]<\/p>\n","protected":false},"author":246,"featured_media":202970,"comment_status":"closed","ping_status":"closed","sticky":false,"template":"","format":"standard","meta":{"footnotes":""},"categories":[436,261,439],"tags":[],"class_list":["post-202969","post","type-post","status-publish","format-standard","has-post-thumbnail","hentry","category-destaque-da-semana","category-economia","category-ultima-hora"],"_links":{"self":[{"href":"https:\/\/diarioregionaldigital.com.br\/index.php?rest_route=\/wp\/v2\/posts\/202969","targetHints":{"allow":["GET"]}}],"collection":[{"href":"https:\/\/diarioregionaldigital.com.br\/index.php?rest_route=\/wp\/v2\/posts"}],"about":[{"href":"https:\/\/diarioregionaldigital.com.br\/index.php?rest_route=\/wp\/v2\/types\/post"}],"author":[{"embeddable":true,"href":"https:\/\/diarioregionaldigital.com.br\/index.php?rest_route=\/wp\/v2\/users\/246"}],"replies":[{"embeddable":true,"href":"https:\/\/diarioregionaldigital.com.br\/index.php?rest_route=%2Fwp%2Fv2%2Fcomments&post=202969"}],"version-history":[{"count":2,"href":"https:\/\/diarioregionaldigital.com.br\/index.php?rest_route=\/wp\/v2\/posts\/202969\/revisions"}],"predecessor-version":[{"id":202972,"href":"https:\/\/diarioregionaldigital.com.br\/index.php?rest_route=\/wp\/v2\/posts\/202969\/revisions\/202972"}],"wp:featuredmedia":[{"embeddable":true,"href":"https:\/\/diarioregionaldigital.com.br\/index.php?rest_route=\/wp\/v2\/media\/202970"}],"wp:attachment":[{"href":"https:\/\/diarioregionaldigital.com.br\/index.php?rest_route=%2Fwp%2Fv2%2Fmedia&parent=202969"}],"wp:term":[{"taxonomy":"category","embeddable":true,"href":"https:\/\/diarioregionaldigital.com.br\/index.php?rest_route=%2Fwp%2Fv2%2Fcategories&post=202969"},{"taxonomy":"post_tag","embeddable":true,"href":"https:\/\/diarioregionaldigital.com.br\/index.php?rest_route=%2Fwp%2Fv2%2Ftags&post=202969"}],"curies":[{"name":"wp","href":"https:\/\/api.w.org\/{rel}","templated":true}]}}