{"id":202966,"date":"2022-08-12T20:15:45","date_gmt":"2022-08-12T23:15:45","guid":{"rendered":"https:\/\/diarioregionaldigital.com.br\/?p=202966"},"modified":"2022-08-12T20:15:45","modified_gmt":"2022-08-12T23:15:45","slug":"desemprego-registra-queda-em-22-unidades-da-federacao","status":"publish","type":"post","link":"https:\/\/diarioregionaldigital.com.br\/?p=202966","title":{"rendered":"Desemprego registra queda em 22 unidades da federa\u00e7\u00e3o"},"content":{"rendered":"<p>A taxa de desemprego caiu em 22 das 27 unidades da federa\u00e7\u00e3o no 2\u00ba trimestre, na compara\u00e7\u00e3o com os 3 primeiros meses do ano.\u00a0Os dados s\u00e3o da Pesquisa Nacional por Amostra de Domic\u00edlios Cont\u00ednua (Pnad Cont\u00ednua) Trimestral, divulgada\u00a0<span id=\"OBJ_PREFIX_DWT1574_com_zimbra_date\"><span id=\"OBJ_PREFIX_DWT1578_com_zimbra_date\"><span id=\"OBJ_PREFIX_DWT334_com_zimbra_date\" role=\"link\">hoje<\/span><\/span><\/span>\u00a0(12) pelo Instituto Brasileiro de Geografia e Estat\u00edstica (IBGE).<img decoding=\"async\" src=\"https:\/\/agenciabrasil.ebc.com.br\/ebc.png?id=1475999&amp;o=node\" \/><img decoding=\"async\" src=\"https:\/\/agenciabrasil.ebc.com.br\/ebc.gif?id=1475999&amp;o=node\" \/><\/p>\n<p>O maior recuo no trimestre foi registrado no estado de Tocantins, com menos 3,8 pontos percentuais. Pernambuco caiu 3,5 pontos percentual e Alagoas, Par\u00e1, Piau\u00ed e Acre tamb\u00e9m se destacaram, todos com quedas de cerca de 3 pontos. Apesar das quedas, o Nordeste permanece com a maior taxa de desocupa\u00e7\u00e3o entre as regi\u00f5es, de 12,7%.<\/p>\n<p>Por estado, o maior \u00edndice de desemprego \u00e9 o da Bahia (15,5%), seguido de Pernambuco (13,6%) e Sergipe (12,7%). Os menores \u00edndices est\u00e3o em Santa Catarina (3,9%), no Mato Grosso (4,4%) e no Mato Grosso do Sul (5,2%). Registraram estabilidade na taxa o Distrito Federal, Amap\u00e1, Cear\u00e1, Mato Grosso e Rond\u00f4nia.<\/p>\n<p>A taxa de desocupa\u00e7\u00e3o no segundo trimestre de 2022 ficou em 9,3%. No trimestre anterior, o \u00edndice nacional estava em 11,1% e no mesmo trimestre do ano passado o desemprego era de 14,2%.<\/p>\n<h2>Informalidade<\/h2>\n<p>A taxa de informalidade ficou em 40% da popula\u00e7\u00e3o ocupada, com 39,3 milh\u00f5es de pessoas. Houve aumento em n\u00fameros absolutos na compara\u00e7\u00e3o trimestral (38,2 milh\u00f5es) e na anual (35,7 milh\u00f5es), mas estabilidade na an\u00e1lise percentual, devido \u00e0 expans\u00e3o da popula\u00e7\u00e3o ocupada.<\/p>\n<p>Os trabalhadores por conta pr\u00f3pria s\u00e3o 26,2% da popula\u00e7\u00e3o ocupada do pa\u00eds e a taxa composta de subutiliza\u00e7\u00e3o da for\u00e7a de trabalho foi de 21,2%.<\/p>\n<p>Entre as pessoas desocupadas, 42,5% est\u00e3o procurando trabalho entre um m\u00eas a menos de um ano e 29,5% procuram por dois anos ou mais. O pa\u00eds tem 4,3 milh\u00f5es de pessoas desalentadas, o que corresponde a 3,8% da for\u00e7a de trabalho.<\/p>\n<p>A formalidade no trimestre atingiu 73,3% dos empregados do setor privado, queda em rela\u00e7\u00e3o aos 74,1% do trimestre anterior e tamb\u00e9m na compara\u00e7\u00e3o com os 75,2% do segundo trimestre de 2021. Por estado, a formalidade vai de 46,6% dos trabalhadores do Piau\u00ed a 87,4% dos de Santa Catarina.<\/p>\n<p>Entre as trabalhadoras\u00a0<span id=\"OBJ_PREFIX_DWT1575_com_zimbra_date\"><span id=\"OBJ_PREFIX_DWT1579_com_zimbra_date\"><span id=\"OBJ_PREFIX_DWT335_com_zimbra_date\" role=\"link\">dom<\/span><\/span><\/span>\u00e9sticas, apenas 25,1% tinham carteira de trabalho assinada no per\u00edodo analisado.<\/p>\n<h2>G\u00eanero e ra\u00e7a<\/h2>\n<p>De acordo com o IBGE, a desocupa\u00e7\u00e3o entre mulheres (11,6%) e entre pessoas pretas (11,3%) e pardas (10,8%) continua acima da m\u00e9dia nacional. A taxa entre pessoas brancas ficou em 7,3% e o desemprego atinge 7,5% dos homens.<\/p>\n<p>Segundo a coordenadora de Trabalho e Rendimento do IBGE, Adriana Beringuy, a diferen\u00e7a entre negros e brancos aumentou, enquanto a dist\u00e2ncia do desemprego das mulheres para os homens diminuiu, mas ainda \u00e9 grande.<\/p>\n<p>\u201cA queda foi maior entre as mulheres (2,2 pontos percentuais contra 1,6 ponto percentual dos homens), por\u00e9m, n\u00e3o foi o suficiente para diminuir a dist\u00e2ncia entre eles. A taxa das mulheres \u00e9 54,7% maior que a dos homens\u201d.<\/p>\n<p>Por idade, o maior recuo ocorreu entre os jovens, de 18 a 24 anos, passando de 22,8% no primeiro trimestre do ano para 19,3% no segundo. Por escolaridade, a taxa de desocupa\u00e7\u00e3o para as pessoas com ensino m\u00e9dio incompleto ficou em 15,3%, para quem tem n\u00edvel superior incompleto, a taxa foi 9,9%, e para o n\u00edvel superior completo o desemprego ficou em 4,7%.<\/p>\n<h2>Rendimento<\/h2>\n<p>O rendimento m\u00e9dio mensal recebido pelos trabalhadores foi estimado em R$ 2.652 no segundo trimestre do ano, o que representa estabilidade na compara\u00e7\u00e3o com o valor de R$ 2.625 registrado no trimestre anterior, segundo o IBGE.<\/p>\n<p>O valor \u00e9 5,1% menor do que o percebido no segundo trimestre de 2021, quando o rendimento m\u00e9dio foi de R$ 2.794. Segundo Adriana Beringuy, o resultado demonstra que as pessoas est\u00e3o recebendo sal\u00e1rios menores, bem como os rendimentos perdem valor diante da alta da infla\u00e7\u00e3o.<\/p>\n<p>\u201cA gente tem melhoria do n\u00famero de ocupados, um crescimento at\u00e9 de carteira de trabalho, em v\u00e1rias atividades econ\u00f4micas, mas o rendimento em si n\u00e3o vem apresentando uma expans\u00e3o em termos reais. Embora a gente tenha visto que em termos nominais houve sim uma expans\u00e3o no trimestre e no ano. S\u00f3 que trazidos a termos deflacionados, quando a gente considere em termos reais, o aumento que teve em termos nominais n\u00e3o \u00e9 o suficiente para manter a expans\u00e3o em termos reais\u201d.<\/p>\n<p>O rendimento dos homens ficou em m\u00e9dia em R$ 2.917 e o das mulheres em R$ 2.292, o que representa 78,6% do rendimento dos homens. Entre as pessoas brancas, o rendimento m\u00e9dio \u00e9\u00a0de R$ 3.406, caindo para R$ 2.009 entre as pretas e R$ 2.021 entre as pessoas pardas. Ou seja, o rendimento m\u00e9dio dos ocupados de cor preta representa 59% do rendimento m\u00e9dio dos ocupados de cor branca.<\/p>\n<p>Acompanhando a expans\u00e3o do mercado de trabalho, a massa de rendimento m\u00e9dio real de todos os trabalhos somou R$ 255,7 bilh\u00f5es, crescimento em rela\u00e7\u00e3o ao trimestre anterior (R$ 244,9 bilh\u00f5es) e frente ao segundo trimestre de 2021 (R$ 244 bilh\u00f5es).<\/p>\n<p><span style=\"font-weight: 400;\"><br \/>\n<\/span><span style=\"font-weight: 400;\">Fonte: Ag\u00eancia Brasil<\/span><\/p>\n","protected":false},"excerpt":{"rendered":"<p>A taxa de desemprego caiu em 22 das 27 unidades da federa\u00e7\u00e3o no 2\u00ba trimestre, na compara\u00e7\u00e3o com os 3 primeiros meses do ano.\u00a0Os dados s\u00e3o da Pesquisa Nacional por Amostra de Domic\u00edlios Cont\u00ednua (Pnad Cont\u00ednua) Trimestral, divulgada\u00a0hoje\u00a0(12) pelo Instituto Brasileiro de Geografia e Estat\u00edstica (IBGE). O maior recuo no trimestre foi registrado no estado [&hellip;]<\/p>\n","protected":false},"author":246,"featured_media":202967,"comment_status":"closed","ping_status":"closed","sticky":false,"template":"","format":"standard","meta":{"footnotes":""},"categories":[436,261,439],"tags":[],"class_list":["post-202966","post","type-post","status-publish","format-standard","has-post-thumbnail","hentry","category-destaque-da-semana","category-economia","category-ultima-hora"],"_links":{"self":[{"href":"https:\/\/diarioregionaldigital.com.br\/index.php?rest_route=\/wp\/v2\/posts\/202966","targetHints":{"allow":["GET"]}}],"collection":[{"href":"https:\/\/diarioregionaldigital.com.br\/index.php?rest_route=\/wp\/v2\/posts"}],"about":[{"href":"https:\/\/diarioregionaldigital.com.br\/index.php?rest_route=\/wp\/v2\/types\/post"}],"author":[{"embeddable":true,"href":"https:\/\/diarioregionaldigital.com.br\/index.php?rest_route=\/wp\/v2\/users\/246"}],"replies":[{"embeddable":true,"href":"https:\/\/diarioregionaldigital.com.br\/index.php?rest_route=%2Fwp%2Fv2%2Fcomments&post=202966"}],"version-history":[{"count":1,"href":"https:\/\/diarioregionaldigital.com.br\/index.php?rest_route=\/wp\/v2\/posts\/202966\/revisions"}],"predecessor-version":[{"id":202968,"href":"https:\/\/diarioregionaldigital.com.br\/index.php?rest_route=\/wp\/v2\/posts\/202966\/revisions\/202968"}],"wp:featuredmedia":[{"embeddable":true,"href":"https:\/\/diarioregionaldigital.com.br\/index.php?rest_route=\/wp\/v2\/media\/202967"}],"wp:attachment":[{"href":"https:\/\/diarioregionaldigital.com.br\/index.php?rest_route=%2Fwp%2Fv2%2Fmedia&parent=202966"}],"wp:term":[{"taxonomy":"category","embeddable":true,"href":"https:\/\/diarioregionaldigital.com.br\/index.php?rest_route=%2Fwp%2Fv2%2Fcategories&post=202966"},{"taxonomy":"post_tag","embeddable":true,"href":"https:\/\/diarioregionaldigital.com.br\/index.php?rest_route=%2Fwp%2Fv2%2Ftags&post=202966"}],"curies":[{"name":"wp","href":"https:\/\/api.w.org\/{rel}","templated":true}]}}