{"id":202962,"date":"2022-08-12T20:13:57","date_gmt":"2022-08-12T23:13:57","guid":{"rendered":"https:\/\/diarioregionaldigital.com.br\/?p=202962"},"modified":"2022-08-12T20:13:57","modified_gmt":"2022-08-12T23:13:57","slug":"empresas-poderao-renegociar-dividas-com-o-fisco-com-70-de-desconto","status":"publish","type":"post","link":"https:\/\/diarioregionaldigital.com.br\/?p=202962","title":{"rendered":"Empresas poder\u00e3o renegociar d\u00edvidas com o Fisco com 70% de desconto"},"content":{"rendered":"<p>A partir de 1\u00ba de setembro, os contribuintes com grandes d\u00edvidas com a Receita Federal poder\u00e3o renegociar os d\u00e9bitos com at\u00e9 70% de desconto. A Receita Federal publicou hoje (12) a\u00a0<a href=\"https:\/\/in.gov.br\/en\/web\/dou\/-\/portaria-rfb-n-208-de-11-de-agosto-de-2022-421960153\" target=\"_blank\" rel=\"noopener\">portaria<\/a>\u00a0que aumentar\u00e1 os benef\u00edcios para quem quer parcelar at\u00e9 R$ 1,4 trilh\u00e3o em d\u00edvidas tribut\u00e1rias que ainda n\u00e3o est\u00e3o sob contesta\u00e7\u00e3o judicial.<img decoding=\"async\" src=\"https:\/\/agenciabrasil.ebc.com.br\/ebc.png?id=1476079&amp;o=node\" \/><img decoding=\"async\" src=\"https:\/\/agenciabrasil.ebc.com.br\/ebc.gif?id=1476079&amp;o=node\" \/><\/p>\n<p>A portaria estendeu \u00e0 Receita Federal a modalidade de renegocia\u00e7\u00e3o chamada de transa\u00e7\u00e3o tribut\u00e1ria, mecanismo criado em 2020 para facilitar o parcelamento de d\u00edvidas de empresas afetadas pela pandemia da covid-19. At\u00e9 agora, apenas a Procuradoria-Geral da Fazenda Nacional (PGFN), \u00f3rg\u00e3o que cobra na Justi\u00e7a as d\u00edvidas com o governo, concedia essa possibilidade com regularidade. A Receita lan\u00e7ava negocia\u00e7\u00f5es nesse modelo, mas em casos especiais.<\/p>\n<p>A amplia\u00e7\u00e3o da transa\u00e7\u00e3o tribut\u00e1ria havia sido anunciada na ter\u00e7a-feira (9) pelo ministro da Economia, Paulo Guedes, em\u00a0<a href=\"https:\/\/agenciabrasil.ebc.com.br\/economia\/noticia\/2022-08\/ministro-diz-que-desemprego-caira-para-8-antes-do-fim-do-ano\" target=\"_blank\" rel=\"noopener\">evento com empres\u00e1rios do setor de bares e restaurantes<\/a>. Na ocasi\u00e3o, ele disse que setores como o com\u00e9rcio, o servi\u00e7o e o de eventos teriam as mesmas facilidades para renegociarem d\u00e9bitos como outros segmentos afetados pela pandemia.<\/p>\n<p>A extens\u00e3o da transa\u00e7\u00e3o tribut\u00e1ria \u00e0 Receita Federal foi autorizada pela\u00a0<a href=\"https:\/\/www.in.gov.br\/en\/web\/dou\/-\/lei-n-14.375-de-21-de-junho-de-2022-409353579\" target=\"_blank\" rel=\"noopener\">Lei 14.375\/2022<\/a>, sancionada em junho pelo presidente Jair Bolsonaro. Com a portaria que regulamentou a lei, a Receita poder\u00e1 lan\u00e7ar editais especiais de renegocia\u00e7\u00e3o de d\u00edvidas e sugerir acordos com grandes devedores.<\/p>\n<h2>Mudan\u00e7as<\/h2>\n<p>Para o p\u00fablico geral, o desconto m\u00e1ximo para a renegocia\u00e7\u00e3o de d\u00edvidas aumentou de 50% para 65%, sendo que para empresas (de todos os tamanhos), microempreendedores individuais (MEI), micro e pequenas empresas do Simples Nacional e Santas Casas de Miseric\u00f3rdia, o desconto poder\u00e1 ser de at\u00e9 70%.<\/p>\n<p>O prazo de parcelamento tamb\u00e9m foi ampliado. Para o p\u00fablico geral, passou de 84 meses (7 anos) para 120 meses (10 anos). Para empresas, MEI, micro e pequenas empresas do Simples Nacional e Santas Casas de Miseric\u00f3rdia, o prazo poder\u00e1 estender-se por at\u00e9 145 meses (12 anos e 1 m\u00eas). Apenas o parcelamento das contribui\u00e7\u00f5es sociais foi mantido em 60 meses porque o prazo \u00e9 determinado pela Constitui\u00e7\u00e3o.<\/p>\n<p>Os devedores de impostos ainda n\u00e3o inscritos em d\u00edvida ativa poder\u00e3o apresentar proposta individual de transa\u00e7\u00e3o ao Fisco. Mesmo os que questionam o d\u00e9bito na esfera administrativa ou que tiveram decis\u00e3o administrativa definitiva desfavor\u00e1vel.<\/p>\n<p>Por enquanto, somente contribuintes que devam mais de R$ 10 milh\u00f5es ao Fisco poder\u00e3o apresentar a proposta individual a partir de setembro. Nas pr\u00f3ximas semanas, a Receita dever\u00e1 publicar um edital para a transa\u00e7\u00e3o tribut\u00e1ria de d\u00edvidas de pequeno valor.<\/p>\n<p>A Receita definir\u00e1 o tamanho dos benef\u00edcios conforme a capacidade de pagamento do contribuinte. Quem tiver mais dificuldades de pagamento ter\u00e1 descontos maiores e prazos mais longos.<\/p>\n<h2>Abatimentos e amortiza\u00e7\u00f5es<\/h2>\n<p>As empresas poder\u00e3o usar os preju\u00edzos fiscais do Imposto de Renda Pessoa Jur\u00eddica (IRPJ) e a base de c\u00e1lculo negativa da Contribui\u00e7\u00e3o Social sobre o Lucro L\u00edquido (CSLL) para abater em at\u00e9 70% o saldo remanescente da d\u00edvida ap\u00f3s os descontos. Normalmente, as empresas que t\u00eam preju\u00edzo podem abater parte do IRPJ e da CSLL no pagamento dos dois tributos nos anos em que registram lucros.<\/p>\n<p>A portaria permite ainda que precat\u00f3rios a receber (d\u00edvidas do governo com contribuintes reconhecidas definitivamente pela Justi\u00e7a) ou direito credit\u00f3rio, determinados por senten\u00e7as transitadas em julgado (a qual n\u00e3o cabem mais recursos judiciais), podem amortizar a d\u00edvida tribut\u00e1ria, tanto a parcela principal, como a multa e os juros.<\/p>\n<h2>P\u00fablico alvo<\/h2>\n<p>A transa\u00e7\u00e3o individual destina-se aos seguintes contribuintes:<\/p>\n<p>&#8211; pagador de imposto com contencioso administrativo fiscal de mais de R$ 10 milh\u00f5es;<br \/>\n&#8211; devedores falidos, em recupera\u00e7\u00e3o judicial ou extrajudicial, em liquida\u00e7\u00e3o judicial ou extrajudicial ou em interven\u00e7\u00e3o extrajudicial;<br \/>\n&#8211; autarquias, funda\u00e7\u00f5es e empresas p\u00fablicas federais;<br \/>\n&#8211; estados, Distrito Federal e munic\u00edpios e respectivas entidades de direito p\u00fablico da administra\u00e7\u00e3o indireta.<\/p>\n<h2>Benef\u00edcios<\/h2>\n<p><strong>Descontos m\u00e1ximos<\/strong><br \/>\n&#8211; passaram de 50% para 65% para p\u00fablico em geral;<br \/>\n&#8211; at\u00e9 70% para empresas, MEI, micro e pequenas empresas do Simples Nacional e Santas Casas de Miseric\u00f3rdia.<\/p>\n<p><strong>Prazos<\/strong><br \/>\n&#8211; n\u00famero de parcelas sobe de 84 para 120 meses para p\u00fablico em geral;<br \/>\n&#8211; at\u00e9 145 parcelas para empresas, MEI, micro e pequenas empresas do Simples Nacional e Santas Casas de Miseric\u00f3rdia.<\/p>\n<p><strong>Abatimentos<\/strong><br \/>\n&#8211; preju\u00edzo fiscal do IRPJ e da base de c\u00e1lculo negativa da CSLL poder\u00e3o ser usados para abater em at\u00e9 70% o saldo remanescente ap\u00f3s os descontos;<br \/>\n&#8211; precat\u00f3rios e demais d\u00edvidas do governo com o contribuinte transitadas em julgado poder\u00e3o amortizar o valor principal, a multa e os juros da d\u00edvida tribut\u00e1ria.<\/p>\n<p><span style=\"font-weight: 400;\">Fonte: Ag\u00eancia Brasil<\/span><\/p>\n","protected":false},"excerpt":{"rendered":"<p>A partir de 1\u00ba de setembro, os contribuintes com grandes d\u00edvidas com a Receita Federal poder\u00e3o renegociar os d\u00e9bitos com at\u00e9 70% de desconto. A Receita Federal publicou hoje (12) a\u00a0portaria\u00a0que aumentar\u00e1 os benef\u00edcios para quem quer parcelar at\u00e9 R$ 1,4 trilh\u00e3o em d\u00edvidas tribut\u00e1rias que ainda n\u00e3o est\u00e3o sob contesta\u00e7\u00e3o judicial. A portaria estendeu [&hellip;]<\/p>\n","protected":false},"author":246,"featured_media":202963,"comment_status":"closed","ping_status":"closed","sticky":false,"template":"","format":"standard","meta":{"footnotes":""},"categories":[436,261,439],"tags":[],"class_list":["post-202962","post","type-post","status-publish","format-standard","has-post-thumbnail","hentry","category-destaque-da-semana","category-economia","category-ultima-hora"],"_links":{"self":[{"href":"https:\/\/diarioregionaldigital.com.br\/index.php?rest_route=\/wp\/v2\/posts\/202962","targetHints":{"allow":["GET"]}}],"collection":[{"href":"https:\/\/diarioregionaldigital.com.br\/index.php?rest_route=\/wp\/v2\/posts"}],"about":[{"href":"https:\/\/diarioregionaldigital.com.br\/index.php?rest_route=\/wp\/v2\/types\/post"}],"author":[{"embeddable":true,"href":"https:\/\/diarioregionaldigital.com.br\/index.php?rest_route=\/wp\/v2\/users\/246"}],"replies":[{"embeddable":true,"href":"https:\/\/diarioregionaldigital.com.br\/index.php?rest_route=%2Fwp%2Fv2%2Fcomments&post=202962"}],"version-history":[{"count":2,"href":"https:\/\/diarioregionaldigital.com.br\/index.php?rest_route=\/wp\/v2\/posts\/202962\/revisions"}],"predecessor-version":[{"id":202965,"href":"https:\/\/diarioregionaldigital.com.br\/index.php?rest_route=\/wp\/v2\/posts\/202962\/revisions\/202965"}],"wp:featuredmedia":[{"embeddable":true,"href":"https:\/\/diarioregionaldigital.com.br\/index.php?rest_route=\/wp\/v2\/media\/202963"}],"wp:attachment":[{"href":"https:\/\/diarioregionaldigital.com.br\/index.php?rest_route=%2Fwp%2Fv2%2Fmedia&parent=202962"}],"wp:term":[{"taxonomy":"category","embeddable":true,"href":"https:\/\/diarioregionaldigital.com.br\/index.php?rest_route=%2Fwp%2Fv2%2Fcategories&post=202962"},{"taxonomy":"post_tag","embeddable":true,"href":"https:\/\/diarioregionaldigital.com.br\/index.php?rest_route=%2Fwp%2Fv2%2Ftags&post=202962"}],"curies":[{"name":"wp","href":"https:\/\/api.w.org\/{rel}","templated":true}]}}