{"id":202948,"date":"2022-08-11T20:29:40","date_gmt":"2022-08-11T23:29:40","guid":{"rendered":"https:\/\/diarioregionaldigital.com.br\/?p=202948"},"modified":"2022-08-11T20:30:29","modified_gmt":"2022-08-11T23:30:29","slug":"pracas-dos-bairros-santa-luzia-e-nossa-senhora-das-gracas-recebem-revitalizacao-do-programa-boniteza","status":"publish","type":"post","link":"https:\/\/diarioregionaldigital.com.br\/?p=202948","title":{"rendered":"Pra\u00e7as dos bairros Santa Luzia e Nossa Senhora das Gra\u00e7as recebem revitaliza\u00e7\u00e3o do Programa Boniteza"},"content":{"rendered":"<p>Segundo informa\u00e7\u00f5es do site da Prefeitura de Juiz de Fora (PJF), o cuidado com as pra\u00e7as da cidade segue na pauta do Programa Boniteza, da Prefeitura de Fora (PJF). Nesta quinta-feira, 11, equipes da PJF deram sequ\u00eancia aos trabalhos de revitaliza\u00e7\u00e3o nas\u00a0 pra\u00e7as dos bairros Santa Luzia e Nossa Senhora das Gra\u00e7as.<\/p>\n<p>Em Santa Luzia os trabalhadores da Empresa Municipal de Pavimenta\u00e7\u00e3o e Urbanidades (Empav) est\u00e3o realizando reparos no piso, principalmente nos pontos danificados pelas ra\u00edzes das \u00e1rvores, reposicionamento e manuten\u00e7\u00e3o das mesas de dama e dos bancos, al\u00e9m do preparo das ferragens para a execu\u00e7\u00e3o de uma nova pintura no espa\u00e7o.<\/p>\n<p>No bairro Nossa Senhora das Gra\u00e7as, al\u00e9m da zeladoria completa da pra\u00e7a, a interven\u00e7\u00e3o inclui, ainda, a execu\u00e7\u00e3o do revestimento da mureta da quadra de esportes.<\/p>\n<p>Uma terceira equipe do departamento de Obras da Empav segue, tamb\u00e9m, com os trabalhos de revitaliza\u00e7\u00e3o na Pra\u00e7a Rubem Abreu, no bairro Vale do Ip\u00ea. A previs\u00e3o \u00e9 que os trabalhos por l\u00e1 sejam conclu\u00eddos nas pr\u00f3ximas semanas.<\/p>\n<p><strong>Parc\u00e3o da Pedro Marques<\/strong><br \/>\nOutra obra em andamento \u00e9 a de instala\u00e7\u00e3o do parc\u00e3o da Pra\u00e7a Pedro Marques, mais conhecida como Pra\u00e7a da Melquita, no bairro Santa Helena. No momento, est\u00e1 sendo realizada toda a parte de solda dos alambrados, que ser\u00e1 seguida pela instala\u00e7\u00e3o das redes de prote\u00e7\u00e3o e, na sequ\u00eancia, a pintura da estrutura dever\u00e1 concluir o processo. Em breve um novo espa\u00e7o seguro de divers\u00e3o para os pets ser\u00e1 inaugurado na cidade.<\/p>\n","protected":false},"excerpt":{"rendered":"<p>Segundo informa\u00e7\u00f5es do site da Prefeitura de Juiz de Fora (PJF), o cuidado com as pra\u00e7as da cidade segue na pauta do Programa Boniteza, da Prefeitura de Fora (PJF). Nesta quinta-feira, 11, equipes da PJF deram sequ\u00eancia aos trabalhos de revitaliza\u00e7\u00e3o nas\u00a0 pra\u00e7as dos bairros Santa Luzia e Nossa Senhora das Gra\u00e7as. Em Santa Luzia [&hellip;]<\/p>\n","protected":false},"author":246,"featured_media":202949,"comment_status":"closed","ping_status":"closed","sticky":false,"template":"","format":"standard","meta":{"footnotes":""},"categories":[253,436,439],"tags":[],"class_list":["post-202948","post","type-post","status-publish","format-standard","has-post-thumbnail","hentry","category-cidade","category-destaque-da-semana","category-ultima-hora"],"_links":{"self":[{"href":"https:\/\/diarioregionaldigital.com.br\/index.php?rest_route=\/wp\/v2\/posts\/202948","targetHints":{"allow":["GET"]}}],"collection":[{"href":"https:\/\/diarioregionaldigital.com.br\/index.php?rest_route=\/wp\/v2\/posts"}],"about":[{"href":"https:\/\/diarioregionaldigital.com.br\/index.php?rest_route=\/wp\/v2\/types\/post"}],"author":[{"embeddable":true,"href":"https:\/\/diarioregionaldigital.com.br\/index.php?rest_route=\/wp\/v2\/users\/246"}],"replies":[{"embeddable":true,"href":"https:\/\/diarioregionaldigital.com.br\/index.php?rest_route=%2Fwp%2Fv2%2Fcomments&post=202948"}],"version-history":[{"count":1,"href":"https:\/\/diarioregionaldigital.com.br\/index.php?rest_route=\/wp\/v2\/posts\/202948\/revisions"}],"predecessor-version":[{"id":202950,"href":"https:\/\/diarioregionaldigital.com.br\/index.php?rest_route=\/wp\/v2\/posts\/202948\/revisions\/202950"}],"wp:featuredmedia":[{"embeddable":true,"href":"https:\/\/diarioregionaldigital.com.br\/index.php?rest_route=\/wp\/v2\/media\/202949"}],"wp:attachment":[{"href":"https:\/\/diarioregionaldigital.com.br\/index.php?rest_route=%2Fwp%2Fv2%2Fmedia&parent=202948"}],"wp:term":[{"taxonomy":"category","embeddable":true,"href":"https:\/\/diarioregionaldigital.com.br\/index.php?rest_route=%2Fwp%2Fv2%2Fcategories&post=202948"},{"taxonomy":"post_tag","embeddable":true,"href":"https:\/\/diarioregionaldigital.com.br\/index.php?rest_route=%2Fwp%2Fv2%2Ftags&post=202948"}],"curies":[{"name":"wp","href":"https:\/\/api.w.org\/{rel}","templated":true}]}}