{"id":202944,"date":"2022-08-11T20:27:47","date_gmt":"2022-08-11T23:27:47","guid":{"rendered":"https:\/\/diarioregionaldigital.com.br\/?p=202944"},"modified":"2022-08-11T20:27:47","modified_gmt":"2022-08-11T23:27:47","slug":"biblioteca-municipal-murilo-mendes-celebra-mes-do-folclore-com-mostra-de-livros","status":"publish","type":"post","link":"https:\/\/diarioregionaldigital.com.br\/?p=202944","title":{"rendered":"Biblioteca Municipal Murilo Mendes celebra M\u00eas do Folclore com mostra de livros"},"content":{"rendered":"<p>Segundo informa\u00e7\u00f5es do site da Prefeitura de Juiz de Fora (PJF), em 22 de agosto, celebra-se o Dia do Folclore e, para marcar a data, a Biblioteca Municipal Murilo Mendes organizou uma mostra especial, reunindo livros adultos e infantis que abordam o tema. A exposi\u00e7\u00e3o j\u00e1 est\u00e1 aberta e segue em cartaz at\u00e9 o fim deste m\u00eas, com visita\u00e7\u00e3o gratuita, de segunda a sexta-feira, das 8h15 \u00e0s 17h45. Conforme F\u00e1tima Ara\u00fajo, supervisora do equipamento cultural, mantido pela Prefeitura de Juiz de Fora (PJF), a ideia \u00e9 incentivar a leitura e destacar a import\u00e2ncia do folclore na forma\u00e7\u00e3o cultural brasileira.<br \/>\nA servidora conta que, para a mostra, foram selecionados 19 livros, que foram acondicionados nas vitrines instaladas no sagu\u00e3o da biblioteca. \u201cOs t\u00edtulos infantis est\u00e3o dispon\u00edveis para empr\u00e9stimo. J\u00e1 os exemplares para o p\u00fablico adulto ficam no Setor de Refer\u00eancia, onde podem ser consultados, mediante agendamento pelo telefone\u00a0\u00a0(32)\u00a0<strong>3239-5956<\/strong>\u201d.<br \/>\nConsiderado um dos mais ricos do mundo, o folclore brasileiro re\u00fane lendas e mitos de origens diversas, abarcando desde os saberes de matriz africana at\u00e9 as tradi\u00e7\u00f5es ind\u00edgenas. O Dia do Folclore \u00e9 celebrado internacionalmente em 22 de agosto porque nessa data, no ano de 1846, a palavra \u201cfolklore\u201d (em ingl\u00eas) foi inventada. O autor do termo foi o escritor William John Thoms, que fez a jun\u00e7\u00e3o de \u201cfolk\u201d (povo, popular) com \u201clore\u201d (cultura, saber) para definir os fen\u00f4menos culturais t\u00edpicos das culturas populares tradicionais de cada na\u00e7\u00e3o.<\/p>\n","protected":false},"excerpt":{"rendered":"<p>Segundo informa\u00e7\u00f5es do site da Prefeitura de Juiz de Fora (PJF), em 22 de agosto, celebra-se o Dia do Folclore e, para marcar a data, a Biblioteca Municipal Murilo Mendes organizou uma mostra especial, reunindo livros adultos e infantis que abordam o tema. A exposi\u00e7\u00e3o j\u00e1 est\u00e1 aberta e segue em cartaz at\u00e9 o fim [&hellip;]<\/p>\n","protected":false},"author":246,"featured_media":202945,"comment_status":"closed","ping_status":"closed","sticky":false,"template":"","format":"standard","meta":{"footnotes":""},"categories":[253,436,439],"tags":[],"class_list":["post-202944","post","type-post","status-publish","format-standard","has-post-thumbnail","hentry","category-cidade","category-destaque-da-semana","category-ultima-hora"],"_links":{"self":[{"href":"https:\/\/diarioregionaldigital.com.br\/index.php?rest_route=\/wp\/v2\/posts\/202944","targetHints":{"allow":["GET"]}}],"collection":[{"href":"https:\/\/diarioregionaldigital.com.br\/index.php?rest_route=\/wp\/v2\/posts"}],"about":[{"href":"https:\/\/diarioregionaldigital.com.br\/index.php?rest_route=\/wp\/v2\/types\/post"}],"author":[{"embeddable":true,"href":"https:\/\/diarioregionaldigital.com.br\/index.php?rest_route=\/wp\/v2\/users\/246"}],"replies":[{"embeddable":true,"href":"https:\/\/diarioregionaldigital.com.br\/index.php?rest_route=%2Fwp%2Fv2%2Fcomments&post=202944"}],"version-history":[{"count":2,"href":"https:\/\/diarioregionaldigital.com.br\/index.php?rest_route=\/wp\/v2\/posts\/202944\/revisions"}],"predecessor-version":[{"id":202947,"href":"https:\/\/diarioregionaldigital.com.br\/index.php?rest_route=\/wp\/v2\/posts\/202944\/revisions\/202947"}],"wp:featuredmedia":[{"embeddable":true,"href":"https:\/\/diarioregionaldigital.com.br\/index.php?rest_route=\/wp\/v2\/media\/202945"}],"wp:attachment":[{"href":"https:\/\/diarioregionaldigital.com.br\/index.php?rest_route=%2Fwp%2Fv2%2Fmedia&parent=202944"}],"wp:term":[{"taxonomy":"category","embeddable":true,"href":"https:\/\/diarioregionaldigital.com.br\/index.php?rest_route=%2Fwp%2Fv2%2Fcategories&post=202944"},{"taxonomy":"post_tag","embeddable":true,"href":"https:\/\/diarioregionaldigital.com.br\/index.php?rest_route=%2Fwp%2Fv2%2Ftags&post=202944"}],"curies":[{"name":"wp","href":"https:\/\/api.w.org\/{rel}","templated":true}]}}