{"id":202938,"date":"2022-08-11T20:24:19","date_gmt":"2022-08-11T23:24:19","guid":{"rendered":"https:\/\/diarioregionaldigital.com.br\/?p=202938"},"modified":"2022-08-11T20:24:19","modified_gmt":"2022-08-11T23:24:19","slug":"centro-de-vigilancia-em-saude-vacina-contra-a-covid-19-e-influenza-neste-sabado-13","status":"publish","type":"post","link":"https:\/\/diarioregionaldigital.com.br\/?p=202938","title":{"rendered":"Centro de Vigil\u00e2ncia em Sa\u00fade vacina contra a Covid-19 e Influenza neste s\u00e1bado, 13"},"content":{"rendered":"<p>Segundo informa\u00e7\u00f5es do site da Prefeitura de Juiz de Fora (PJF), no pr\u00f3ximo s\u00e1bado, 13, a Prefeitura de Juiz de Fora (PJF) realiza vacina\u00e7\u00e3o no<strong>\u00a0Centro de Vigil\u00e2ncia em Sa\u00fade, localizado na Av. Dos Andradas, 523, no Centro<\/strong>, de 8h \u00e0s 13h. Neste dia, ser\u00e3o aplicados os imunizantes contra a Covid-19 e Influenza para os p\u00fablicos alvos j\u00e1 definidos,\u00a0<strong>incluindo as crian\u00e7as de 3 e 4 anos e a quarta dose para as pessoas de 30 anos ou mais<\/strong>.<\/p>\n<p>&nbsp;<\/p>\n<p>A vacina contra a\u00a0<strong>Influenza \u00e9 voltada para toda a popula\u00e7\u00e3o a partir de seis meses de idade.<\/strong>\u00a0As doses para estes p\u00fablicos podem ser tomadas simultaneamente com a vacina contra a Covid. A SS destaca a import\u00e2ncia do recebimento da vacina de refor\u00e7o e pede para que todos aqueles que receberam a 2\u00aa dose h\u00e1 pelo menos quatro meses procurem um posto de vacina\u00e7\u00e3o para aumentar sua prote\u00e7\u00e3o contra o v\u00edrus.<\/p>\n<p>&nbsp;<\/p>\n<p>As segundas doses dos imunizantes AstraZeneca, Coronavac, Janssen e Pfizer, al\u00e9m das vacinas de refor\u00e7o, s\u00e3o disponibilizadas de forma cont\u00ednua. A 2\u00aa dose da Janssen \u00e9 destinada a todas as pessoas que receberam a primeira dose desse imunizante h\u00e1 dois meses ou data anterior.\u00a0 J\u00e1 o intervalo entre 1\u00aa e 2\u00aa aplica\u00e7\u00e3o da AstraZeneca \u00e9 de oito semanas; da Coronavac \u00e9 de 28 dias; e da Pfizer, de 21 dias. O intervalo da 2\u00aa dose para a aplica\u00e7\u00e3o da vacina de refor\u00e7o \u00e9 de quatro meses.<\/p>\n<p>&nbsp;<\/p>\n<p><strong>A pasta explica que as doses de refor\u00e7o, ou terceiras doses, para o p\u00fablico geral s\u00e3o apenas para os maiores de 12 anos. N\u00e3o h\u00e1 recomenda\u00e7\u00e3o de refor\u00e7o para as crian\u00e7as, com idades entre 3 e 11 anos, que recebem apenas as duas doses contra o coronav\u00edrus. A dose de refor\u00e7o s\u00f3 \u00e9 aplicada para estas pessoas caso elas sejam imunossuprimidas.<\/strong><\/p>\n<p>&nbsp;<\/p>\n<p><strong>At\u00e9 o momento, a quarta dose n\u00e3o est\u00e1 liberada para a popula\u00e7\u00e3o geral, sendo recomendada apenas para pessoas com imunossupress\u00e3o, pessoas com 30 anos ou mais de idade e profissionais de sa\u00fade com 18 anos ou mais de idade.<\/strong><\/p>\n<p>&nbsp;<\/p>\n<p><strong>Pessoas na faixa et\u00e1ria entre 18 e 39 anos, que receberam a dose \u00fanica e o refor\u00e7o do imunizante Janssen, poder\u00e3o tomar o segundo refor\u00e7o quatro meses ap\u00f3s o primeiro com qualquer outro imunizante. J\u00e1 para pessoas com 30 anos ou mais de idade ou imunossuprimidos, o terceiro refor\u00e7o do imunizante, com qualquer outro imunizante, deve ser aplicado quatro meses ap\u00f3s o segundo refor\u00e7o.\u00a0\u00a0<\/strong><\/p>\n<p>&nbsp;<\/p>\n<p><strong>Documenta\u00e7\u00e3o<\/strong><\/p>\n<p>&nbsp;<\/p>\n<p>Aqueles que forem receber a primeira dose da vacina devem apresentar originais e c\u00f3pias de documento de identifica\u00e7\u00e3o com foto (como documento de identidade (RG) ou carteira de motorista) e o CPF, caso o n\u00famero do mesmo n\u00e3o conste na identidade, al\u00e9m da ficha de vacina\u00e7\u00e3o impressa e preenchida. Crian\u00e7as que n\u00e3o tiverem o documento de identidade, podem apresentar a certid\u00e3o de nascimento.\u00a0<strong>A PJF pede que seja levado uma c\u00f3pia do comprovante de resid\u00eancia no nome dos pais ou respons\u00e1vel com endere\u00e7o em Juiz de Fora.\u00a0<\/strong>As crian\u00e7as com comorbidades ou imunossuprimidas, al\u00e9m destes documentos, devem\u00a0<strong>apresentar um laudo ou atestado m\u00e9dico datado de, no m\u00e1ximo, 12 meses, comprovando a condi\u00e7\u00e3o<\/strong>.<\/p>\n<p>&nbsp;<\/p>\n<p>As pessoas que v\u00e3o receber a D2 ou a dose de refor\u00e7o precisam apresentar apenas a ficha de vacina\u00e7\u00e3o, o cart\u00e3o de vacina e um documento de identifica\u00e7\u00e3o com foto, enquanto os imunossuprimidos\/pessoas com comorbidade, al\u00e9m destes documentos, devem apresentar um laudo ou atestado m\u00e9dico datado de, no m\u00e1ximo, 12 meses, comprovando a condi\u00e7\u00e3o. Este p\u00fablico pode buscar pela dose de refor\u00e7o a partir de 28 dias do recebimento da 2\u00aa dose. N\u00e3o \u00e9 necess\u00e1ria a apresenta\u00e7\u00e3o de comprovante de resid\u00eancia.<\/p>\n<p>&nbsp;<\/p>\n<p>Para se imunizar, o profissional de sa\u00fade deve levar declara\u00e7\u00e3o e\/ou comprovante (contracheque, carteira de trabalho) de v\u00ednculo profissional.<\/p>\n<p>&nbsp;<\/p>\n<p><strong>Refor\u00e7amos o pedido para todos que ser\u00e3o vacinados levarem, impressa e preenchida, a Ficha de Vacina\u00e7\u00e3o, cujo modelo est\u00e1 dispon\u00edvel\u00a0<\/strong><a href=\"https:\/\/covid19.pjf.mg.gov.br\/arquivos\/formulario_para_vacinacao.pdf\"><strong>aqui<\/strong><\/a><strong>, isso facilita no momento da triagem e agiliza o processo de vacina\u00e7\u00e3o.<\/strong><\/p>\n<p>&nbsp;<\/p>\n<p><strong>Segundas doses (adultos)<\/strong><\/p>\n<p>&nbsp;<\/p>\n<p><strong>AstraZeneca\u00a0<\/strong>&#8211; A aplica\u00e7\u00e3o da segunda dose de AstraZeneca segue a data descrita no cart\u00e3o de vacina. Portanto, recebem a D2 todos aqueles com retorno agendado para o dia 13 de agosto ou data anterior.<\/p>\n<p>&nbsp;<\/p>\n<p><strong>Coronavac\u00a0<\/strong>&#8211; A aplica\u00e7\u00e3o da segunda dose do imunizante Coronavac segue a data descrita no cart\u00e3o de vacina. Recebem a D2 todos aqueles com retorno agendado para o dia 13 de agosto ou data anterior.<\/p>\n<p>&nbsp;<\/p>\n<p><strong>Janssen\u00a0<\/strong>&#8211; As segundas doses do imunizante Janssen s\u00e3o destinadas \u00e0s pessoas que receberam a primeira dose desta vacina no dia 13 de junho, ou seja, dois meses ap\u00f3s a vacina de dose \u00fanica.<\/p>\n<p>&nbsp;<\/p>\n<p><strong>Pfizer\u00a0<\/strong>&#8211; Quem recebeu a primeira dose da Pfizer no dia 23 de julho ou antes pode procurar o posto de imuniza\u00e7\u00e3o para receber a segunda.<\/p>\n<p>&nbsp;<\/p>\n<p><strong>Doses de refor\u00e7o (adultos)<\/strong><\/p>\n<p>&nbsp;<\/p>\n<p>As doses de refor\u00e7o s\u00e3o destinadas \u00e0s pessoas a partir de 12 anos que receberam a segunda dose h\u00e1 quatro meses ou mais.<strong>\u00a0<\/strong>Os imunossuprimidos, que receberam a D2 h\u00e1 pelo menos 28 dias, tamb\u00e9m devem receber a dose de refor\u00e7o, e a quarta dose deve ser aplicada quatro meses ap\u00f3s a D3.\u00a0<strong>Recebem tamb\u00e9m o segundo refor\u00e7o, as pessoas de 30 anos ou mais e trabalhadores de sa\u00fade de 18 anos ou mais.<\/strong>\u00a0<strong>Os vacinados com o imunizante Janssen com idades entre 18 e 39 anos de idade, recebem a segunda dose de refor\u00e7o, e um terceiro refor\u00e7o \u00e9 voltado para pessoas com 30 anos ou mais de idade.<\/strong><\/p>\n<p>&nbsp;<\/p>\n<p><strong>Para as crian\u00e7as<\/strong><\/p>\n<p>&nbsp;<\/p>\n<p><strong>Pedimos aos pais e respons\u00e1veis que levem, impressa e preenchida, a Ficha de Vacina\u00e7\u00e3o das crian\u00e7as, cujo modelo est\u00e1 dispon\u00edvel\u00a0<\/strong><a href=\"https:\/\/covid19.pjf.mg.gov.br\/arquivos\/formulario_para_vacinacao.pdf\"><strong>aqui<\/strong><\/a><strong>, isso facilita no momento da triagem e agiliza o processo de vacina\u00e7\u00e3o.<\/strong><\/p>\n<p>&nbsp;<\/p>\n<p><strong>Vacinas contra a Influenza<\/strong><\/p>\n<p>&nbsp;<\/p>\n<p>As vacinas contra a Influenza s\u00e3o voltadas para\u00a0<strong>toda popula\u00e7\u00e3o acima dos seis meses de idade<\/strong>. A vacina contra a Influenza<strong>\u00a0pode ser recebida conjuntamente com os imunizantes contra a Covid-19<\/strong>\u00a0e outras vacinas sem qualquer tipo de problema.\u00a0 Para receber a vacina contra a Influenza, as pessoas devem ir at\u00e9 um dos pontos de vacina\u00e7\u00e3o e apresentar um documento original com foto, como carteira de motorista ou documento de identidade (RG).<\/p>\n<p>&nbsp;<\/p>\n<p>Para se imunizar, \u00e9 necess\u00e1rio levar documento de identifica\u00e7\u00e3o original com foto. Para a imuniza\u00e7\u00e3o das crian\u00e7as, \u00e9 necess\u00e1ria, al\u00e9m da presen\u00e7a de um respons\u00e1vel, a apresenta\u00e7\u00e3o de um documento original, juntamente com o cart\u00e3o de vacina.<\/p>\n","protected":false},"excerpt":{"rendered":"<p>Segundo informa\u00e7\u00f5es do site da Prefeitura de Juiz de Fora (PJF), no pr\u00f3ximo s\u00e1bado, 13, a Prefeitura de Juiz de Fora (PJF) realiza vacina\u00e7\u00e3o no\u00a0Centro de Vigil\u00e2ncia em Sa\u00fade, localizado na Av. Dos Andradas, 523, no Centro, de 8h \u00e0s 13h. Neste dia, ser\u00e3o aplicados os imunizantes contra a Covid-19 e Influenza para os p\u00fablicos [&hellip;]<\/p>\n","protected":false},"author":246,"featured_media":202939,"comment_status":"closed","ping_status":"closed","sticky":false,"template":"","format":"standard","meta":{"footnotes":""},"categories":[253,436,440,439],"tags":[],"class_list":["post-202938","post","type-post","status-publish","format-standard","has-post-thumbnail","hentry","category-cidade","category-destaque-da-semana","category-destaques-do-dia","category-ultima-hora"],"_links":{"self":[{"href":"https:\/\/diarioregionaldigital.com.br\/index.php?rest_route=\/wp\/v2\/posts\/202938","targetHints":{"allow":["GET"]}}],"collection":[{"href":"https:\/\/diarioregionaldigital.com.br\/index.php?rest_route=\/wp\/v2\/posts"}],"about":[{"href":"https:\/\/diarioregionaldigital.com.br\/index.php?rest_route=\/wp\/v2\/types\/post"}],"author":[{"embeddable":true,"href":"https:\/\/diarioregionaldigital.com.br\/index.php?rest_route=\/wp\/v2\/users\/246"}],"replies":[{"embeddable":true,"href":"https:\/\/diarioregionaldigital.com.br\/index.php?rest_route=%2Fwp%2Fv2%2Fcomments&post=202938"}],"version-history":[{"count":1,"href":"https:\/\/diarioregionaldigital.com.br\/index.php?rest_route=\/wp\/v2\/posts\/202938\/revisions"}],"predecessor-version":[{"id":202940,"href":"https:\/\/diarioregionaldigital.com.br\/index.php?rest_route=\/wp\/v2\/posts\/202938\/revisions\/202940"}],"wp:featuredmedia":[{"embeddable":true,"href":"https:\/\/diarioregionaldigital.com.br\/index.php?rest_route=\/wp\/v2\/media\/202939"}],"wp:attachment":[{"href":"https:\/\/diarioregionaldigital.com.br\/index.php?rest_route=%2Fwp%2Fv2%2Fmedia&parent=202938"}],"wp:term":[{"taxonomy":"category","embeddable":true,"href":"https:\/\/diarioregionaldigital.com.br\/index.php?rest_route=%2Fwp%2Fv2%2Fcategories&post=202938"},{"taxonomy":"post_tag","embeddable":true,"href":"https:\/\/diarioregionaldigital.com.br\/index.php?rest_route=%2Fwp%2Fv2%2Ftags&post=202938"}],"curies":[{"name":"wp","href":"https:\/\/api.w.org\/{rel}","templated":true}]}}