{"id":202932,"date":"2022-08-11T20:15:59","date_gmt":"2022-08-11T23:15:59","guid":{"rendered":"https:\/\/diarioregionaldigital.com.br\/?p=202932"},"modified":"2022-08-11T20:15:59","modified_gmt":"2022-08-11T23:15:59","slug":"fifa-antecipa-inicio-da-copa-do-mundo-para-20-de-novembro","status":"publish","type":"post","link":"https:\/\/diarioregionaldigital.com.br\/?p=202932","title":{"rendered":"Fifa antecipa in\u00edcio da Copa do Mundo para 20 de novembro"},"content":{"rendered":"<p>A Fifa (Federa\u00e7\u00e3o Internacional de Futebol) anunciou a antecipa\u00e7\u00e3o do in\u00edcio da pr\u00f3xima edi\u00e7\u00e3o da Copa do Mundo para o dia 20 de novembro. Segundo\u00a0<a href=\"https:\/\/www.fifa.com\/tournaments\/mens\/worldcup\/qatar2022\/media-releases\/qatar-v-ecuador-to-kick-off-fifa-world-cup-2022-tm-on-20-november\">comunicado<\/a>\u00a0divulgado nesta quinta-feira (11), o jogo inaugural ser\u00e1 disputado entre Catar e Equador, a partir das 13h (hor\u00e1rio de Bras\u00edlia) no est\u00e1dio Al Bayt.<img decoding=\"async\" src=\"https:\/\/agenciabrasil.ebc.com.br\/ebc.png?id=1475881&amp;o=node\" \/><img decoding=\"async\" src=\"https:\/\/agenciabrasil.ebc.com.br\/ebc.gif?id=1475881&amp;o=node\" \/><\/p>\n<p>\u201cA partida de abertura e a cerim\u00f4nia do torneio deste ano no Est\u00e1dio Al Bayt foram antecipadas um dia ap\u00f3s uma decis\u00e3o un\u00e2nime tomada hoje pela Mesa do Conselho da Fifa\u201d, diz a nota da entidade m\u00e1xima do futebol mundial.<\/p>\n<p>A programa\u00e7\u00e3o inicial era de que fossem realizadas duas partidas antes do confronto envolvendo os donos da casa: Holanda contra Senegal, e Inglaterra versus Ir\u00e3. Os tr\u00eas jogos estavam marcados para o dia 21, junto com a cerim\u00f4nia de abertura, que teria in\u00edcio momentos antes de Catar e Equador.<\/p>\n<p>\u201cA mudan\u00e7a garante a continuidade de uma longa tradi\u00e7\u00e3o de marcar o in\u00edcio da Copa do Mundo com uma cerim\u00f4nia de abertura por ocasi\u00e3o da primeira partida entre os anfitri\u00f5es ou os atuais campe\u00f5es\u201d, justifica a Fifa.<\/p>\n<p>O Brasil estreia no Mundial no dia 24 de novembro, uma quinta-feira, a partir das 16h (hor\u00e1rio de Bras\u00edlia, contra a S\u00e9rvia.<\/p>\n<p><span style=\"font-weight: 400;\">Fonte: Ag\u00eancia Brasil <\/span><\/p>\n","protected":false},"excerpt":{"rendered":"<p>A Fifa (Federa\u00e7\u00e3o Internacional de Futebol) anunciou a antecipa\u00e7\u00e3o do in\u00edcio da pr\u00f3xima edi\u00e7\u00e3o da Copa do Mundo para o dia 20 de novembro. Segundo\u00a0comunicado\u00a0divulgado nesta quinta-feira (11), o jogo inaugural ser\u00e1 disputado entre Catar e Equador, a partir das 13h (hor\u00e1rio de Bras\u00edlia) no est\u00e1dio Al Bayt. \u201cA partida de abertura e a cerim\u00f4nia [&hellip;]<\/p>\n","protected":false},"author":246,"featured_media":202933,"comment_status":"closed","ping_status":"closed","sticky":false,"template":"","format":"standard","meta":{"footnotes":""},"categories":[436,257,439],"tags":[],"class_list":["post-202932","post","type-post","status-publish","format-standard","has-post-thumbnail","hentry","category-destaque-da-semana","category-esporte","category-ultima-hora"],"_links":{"self":[{"href":"https:\/\/diarioregionaldigital.com.br\/index.php?rest_route=\/wp\/v2\/posts\/202932","targetHints":{"allow":["GET"]}}],"collection":[{"href":"https:\/\/diarioregionaldigital.com.br\/index.php?rest_route=\/wp\/v2\/posts"}],"about":[{"href":"https:\/\/diarioregionaldigital.com.br\/index.php?rest_route=\/wp\/v2\/types\/post"}],"author":[{"embeddable":true,"href":"https:\/\/diarioregionaldigital.com.br\/index.php?rest_route=\/wp\/v2\/users\/246"}],"replies":[{"embeddable":true,"href":"https:\/\/diarioregionaldigital.com.br\/index.php?rest_route=%2Fwp%2Fv2%2Fcomments&post=202932"}],"version-history":[{"count":1,"href":"https:\/\/diarioregionaldigital.com.br\/index.php?rest_route=\/wp\/v2\/posts\/202932\/revisions"}],"predecessor-version":[{"id":202934,"href":"https:\/\/diarioregionaldigital.com.br\/index.php?rest_route=\/wp\/v2\/posts\/202932\/revisions\/202934"}],"wp:featuredmedia":[{"embeddable":true,"href":"https:\/\/diarioregionaldigital.com.br\/index.php?rest_route=\/wp\/v2\/media\/202933"}],"wp:attachment":[{"href":"https:\/\/diarioregionaldigital.com.br\/index.php?rest_route=%2Fwp%2Fv2%2Fmedia&parent=202932"}],"wp:term":[{"taxonomy":"category","embeddable":true,"href":"https:\/\/diarioregionaldigital.com.br\/index.php?rest_route=%2Fwp%2Fv2%2Fcategories&post=202932"},{"taxonomy":"post_tag","embeddable":true,"href":"https:\/\/diarioregionaldigital.com.br\/index.php?rest_route=%2Fwp%2Fv2%2Ftags&post=202932"}],"curies":[{"name":"wp","href":"https:\/\/api.w.org\/{rel}","templated":true}]}}