{"id":202929,"date":"2022-08-11T20:14:22","date_gmt":"2022-08-11T23:14:22","guid":{"rendered":"https:\/\/diarioregionaldigital.com.br\/?p=202929"},"modified":"2022-08-11T20:14:22","modified_gmt":"2022-08-11T23:14:22","slug":"isaquias-queiroz-garante-ouro-no-pan-americano-de-canoagem-no-canada","status":"publish","type":"post","link":"https:\/\/diarioregionaldigital.com.br\/?p=202929","title":{"rendered":"Isaquias Queiroz garante ouro no Pan-Americano de Canoagem no Canad\u00e1"},"content":{"rendered":"<p>Quatro dias ap\u00f3s ser vice-campe\u00e3o mundial no C1 1000 metros em Halifax (Canad\u00e1), o cano\u00edsta baiano Isaquias Queiroz conquistou o ouro nesta quinta-feira (11) na mesma prova, s\u00f3 que no Pan-Americano da modalidade que ocorre at\u00e9 esta sexta (12), tamb\u00e9m em Halifax. O\u00a0Brasil tamb\u00e9m brilhou na disputa continental da Paracanoagem: Lu\u00eds Carlos Cardoo, vice-campe\u00e3o mundial semana passada, faturou o t\u00edtulo do KL 1 200m.<img decoding=\"async\" src=\"https:\/\/agenciabrasil.ebc.com.br\/ebc.png?id=1475887&amp;o=node\" \/><img decoding=\"async\" src=\"https:\/\/agenciabrasil.ebc.com.br\/ebc.gif?id=1475887&amp;o=node\" \/><\/p>\n<blockquote><p>\u201cN\u00e3o estava t\u00e3o preparado quanto para o Mundial, mas eu n\u00e3o competia um Pan-Americano desde 2014, ent\u00e3o ganhar mais um t\u00edtulo \u00e9 bom para o curr\u00edculo. \u00a0Agora \u00e9 curtir um pouco mais: no Mundial estava mais tenso, mais s\u00e9rio, mais concentrado. Agora \u00e9 desfrutar um pouco mais o campeonato \u2013 comemorou o brasileiro que volta a competir nesta sexta (12), na prova do C1 500m.<\/p><\/blockquote>\n<p>Na disputa de hoje do C1 1000m, Isaquias completou a prova em 4min06s06, mais de tr\u00eas segundos \u00e0 frente do segundo colocado o cubano Serguey Torres (4min09s07) e do canadense Connor Fitzpatrick (4min13s20), que ficou com o bronze.<\/p>\n<p>No Pan de Paracanoagem, quem tamb\u00e9m teve muito o que comemorar hoje foi Igor Tofalini e Fernando Rufino, que repetiram a dobradinha ouro e prata no VL2M 200m, assim como j\u00e1 haviam feito semana passada no Mundial. Tofalini cruzou a linha de chegada em 52s5, seguido por Rufino (53s4). O bronze ficou com o canadense Mathieu Saint-Pierrre (56s2).\u00a0 A segunda prata do dia na disputa continental de paracanoagem ficou\u00a0<a href=\"https:\/\/www.instagram.com\/p\/ChIDGZugbLo\/\">D\u00e9bora Raiza Ribeiro,<\/a>\u00a0segunda colocada na prova VL2W 200m, com o tempo de 1min07s0. O ouro ficou com a canadense Brianna Hennessy (1min04s5) e o bronze com a chilena Jocelyn Mu\u00f1oz (1min54s4). Tamb\u00e9m teve bronze nesta quinta (11), com\u00a0<a href=\"https:\/\/www.instagram.com\/p\/ChH1swIAtwh\/\">Adriana Azevedo<\/a>, na prova KL1 200m: ela finalizou a disputa em\u00a01min00s9, atr\u00e1s de Brianna Henessy (55.1) que levou a prata, e da de medalista de ouro, a\u00a0chilena Katherine Wolermann (54s5).<\/p>\n<h2>Programa\u00e7\u00e3o<\/h2>\n<p>Sexta-feira (11)<\/p>\n<p><strong>Canoagem Velocidade<\/strong><\/p>\n<p><u>C1 500m com Isaquias Queiroz<\/u><\/p>\n<p>09h30 \u2013 (Eliminat\u00f3ria)* 1-2\u00ba lugar direto para final \/ 3-6 para a semifinal<\/p>\n<p>11h45 \u2013 (Semifinal)* 1-4 para a final \/ resto fora<\/p>\n<p>13h45 \u2013 (Final)<\/p>\n<p><u>K1 500m com Vagner Souta<\/u><\/p>\n<p>09h45 \u2013 (Eliminat\u00f3ria)* 1-2\u00ba lugar direto para final \/ 3-6 para a semifinal<\/p>\n<p>11h50 \u2013 (Semifinal)* 1-4 para a final \/ resto Final B<\/p>\n<p>13h50 \u2013 (Final B)* N\u00e3o vale p\u00f3dio<\/p>\n<p>13h55 \u2013 (Final A)<\/p>\n<p><u>C1 500m com Valdenice Concei\u00e7\u00e3o<\/u><\/p>\n<p>09h50 \u2013 (Eliminat\u00f3ria)* 1-2\u00ba lugar direto para final \/ 3-6 para a semifinal<\/p>\n<p>11h55 \u2013 (Semifinal)* 1-4 para a final<\/p>\n<p>14h00 \u2013 (Final)<\/p>\n<p><u>K1 1000m com Ana Paula Vergutz<\/u><\/p>\n<p>10h10 \u2013 (Eliminat\u00f3ria)* 1-2\u00ba lugar direto para final \/ 3-6 para a semifinal<\/p>\n<p>12h15 \u2013 (Semifinal)* 1-4 para a final \/ resto fora<\/p>\n<p>14h20 \u2013 (Final A)<\/p>\n<p><span style=\"font-weight: 400;\"><br \/>\n<\/span><span style=\"font-weight: 400;\">Fonte: Ag\u00eancia Brasil <\/span><\/p>\n","protected":false},"excerpt":{"rendered":"<p>Quatro dias ap\u00f3s ser vice-campe\u00e3o mundial no C1 1000 metros em Halifax (Canad\u00e1), o cano\u00edsta baiano Isaquias Queiroz conquistou o ouro nesta quinta-feira (11) na mesma prova, s\u00f3 que no Pan-Americano da modalidade que ocorre at\u00e9 esta sexta (12), tamb\u00e9m em Halifax. O\u00a0Brasil tamb\u00e9m brilhou na disputa continental da Paracanoagem: Lu\u00eds Carlos Cardoo, vice-campe\u00e3o mundial [&hellip;]<\/p>\n","protected":false},"author":246,"featured_media":202930,"comment_status":"closed","ping_status":"closed","sticky":false,"template":"","format":"standard","meta":{"footnotes":""},"categories":[436,257,439],"tags":[],"class_list":["post-202929","post","type-post","status-publish","format-standard","has-post-thumbnail","hentry","category-destaque-da-semana","category-esporte","category-ultima-hora"],"_links":{"self":[{"href":"https:\/\/diarioregionaldigital.com.br\/index.php?rest_route=\/wp\/v2\/posts\/202929","targetHints":{"allow":["GET"]}}],"collection":[{"href":"https:\/\/diarioregionaldigital.com.br\/index.php?rest_route=\/wp\/v2\/posts"}],"about":[{"href":"https:\/\/diarioregionaldigital.com.br\/index.php?rest_route=\/wp\/v2\/types\/post"}],"author":[{"embeddable":true,"href":"https:\/\/diarioregionaldigital.com.br\/index.php?rest_route=\/wp\/v2\/users\/246"}],"replies":[{"embeddable":true,"href":"https:\/\/diarioregionaldigital.com.br\/index.php?rest_route=%2Fwp%2Fv2%2Fcomments&post=202929"}],"version-history":[{"count":1,"href":"https:\/\/diarioregionaldigital.com.br\/index.php?rest_route=\/wp\/v2\/posts\/202929\/revisions"}],"predecessor-version":[{"id":202931,"href":"https:\/\/diarioregionaldigital.com.br\/index.php?rest_route=\/wp\/v2\/posts\/202929\/revisions\/202931"}],"wp:featuredmedia":[{"embeddable":true,"href":"https:\/\/diarioregionaldigital.com.br\/index.php?rest_route=\/wp\/v2\/media\/202930"}],"wp:attachment":[{"href":"https:\/\/diarioregionaldigital.com.br\/index.php?rest_route=%2Fwp%2Fv2%2Fmedia&parent=202929"}],"wp:term":[{"taxonomy":"category","embeddable":true,"href":"https:\/\/diarioregionaldigital.com.br\/index.php?rest_route=%2Fwp%2Fv2%2Fcategories&post=202929"},{"taxonomy":"post_tag","embeddable":true,"href":"https:\/\/diarioregionaldigital.com.br\/index.php?rest_route=%2Fwp%2Fv2%2Ftags&post=202929"}],"curies":[{"name":"wp","href":"https:\/\/api.w.org\/{rel}","templated":true}]}}