{"id":202926,"date":"2022-08-11T20:12:34","date_gmt":"2022-08-11T23:12:34","guid":{"rendered":"https:\/\/diarioregionaldigital.com.br\/?p=202926"},"modified":"2022-08-11T20:12:34","modified_gmt":"2022-08-11T23:12:34","slug":"bia-haddad-supera-a-polonesa-iga-swiatek-atual-numero-1-do-mundo","status":"publish","type":"post","link":"https:\/\/diarioregionaldigital.com.br\/?p=202926","title":{"rendered":"Bia Haddad supera a polonesa Iga Swiatek, atual n\u00famero 1 do mundo"},"content":{"rendered":"<p>Nesta quinta-feira (11), a brasileira Bia Haddad deu mais uma prova de que vive um momento especial na carreira ao derrotar a polonesa Iga Swiatek, atual n\u00famero 1 do mundo, por 2 sets a 1 (parciais de 6\/4, 6\/3 e 7\/5) para se classificar para as quartas de final do WTA 1000 de Toronto (Canad\u00e1).<img decoding=\"async\" src=\"https:\/\/agenciabrasil.ebc.com.br\/ebc.png?id=1475904&amp;o=node\" \/><img decoding=\"async\" src=\"https:\/\/agenciabrasil.ebc.com.br\/ebc.gif?id=1475904&amp;o=node\" \/><\/p>\n<p>\u201cT\u00eanis em um n\u00edvel como esse, independente de onde voc\u00ea joga, \u00e9 necess\u00e1rio dar o m\u00e1ximo e ir at\u00e9 o limite. Estou muito feliz e orgulhosa de mim e do meu time\u201d, afirmou a brasileira em entrevista concedida ap\u00f3s a partida ainda em quadra.<\/p>\n<p>O pr\u00f3ximo desafio da brasileira ser\u00e1 a vencedora do duelo entre a espanhola Garbi\u00f1e Muguruza e a su\u00ed\u00e7a Belinda Bencic, que j\u00e1 bateu na competi\u00e7\u00e3o a norte-americana Serena Williams.<\/p>\n<p>A atual temporada tem sido especial para a paulista de 26 anos, que na \u00faltima segunda (8) alcan\u00e7ou a 24\u00aa posi\u00e7\u00e3o do ranking da Associa\u00e7\u00e3o Internacional de T\u00eanis Feminino (WTA, sigla em ingl\u00eas). Neste ano Bia faturou os dois principais t\u00edtulos da carreira (os WTA 250 de Nottingham e Birmingham, ambos na Inglaterra), al\u00e9m de ser campe\u00e3 no WTA 125 de Saint Malo (Fran\u00e7a). J\u00e1 nas duplas a brasileira come\u00e7ou o ano levando o t\u00edtulo no WTA 500 de Sidney (Austr\u00e1lia), ao lado da cazaque Anna Danilina. Em junho, al\u00e9m do t\u00edtulo de simples levantou o trof\u00e9u de duplas no WTA 250 de Nottingham, desta vez em parceria com a chinesa Shuai Zhang.<\/p>\n<p><span style=\"font-weight: 400;\">Fonte: Ag\u00eancia Brasil <\/span><\/p>\n","protected":false},"excerpt":{"rendered":"<p>Nesta quinta-feira (11), a brasileira Bia Haddad deu mais uma prova de que vive um momento especial na carreira ao derrotar a polonesa Iga Swiatek, atual n\u00famero 1 do mundo, por 2 sets a 1 (parciais de 6\/4, 6\/3 e 7\/5) para se classificar para as quartas de final do WTA 1000 de Toronto (Canad\u00e1). [&hellip;]<\/p>\n","protected":false},"author":246,"featured_media":202927,"comment_status":"closed","ping_status":"closed","sticky":false,"template":"","format":"standard","meta":{"footnotes":""},"categories":[436,440,257,439],"tags":[],"class_list":["post-202926","post","type-post","status-publish","format-standard","has-post-thumbnail","hentry","category-destaque-da-semana","category-destaques-do-dia","category-esporte","category-ultima-hora"],"_links":{"self":[{"href":"https:\/\/diarioregionaldigital.com.br\/index.php?rest_route=\/wp\/v2\/posts\/202926","targetHints":{"allow":["GET"]}}],"collection":[{"href":"https:\/\/diarioregionaldigital.com.br\/index.php?rest_route=\/wp\/v2\/posts"}],"about":[{"href":"https:\/\/diarioregionaldigital.com.br\/index.php?rest_route=\/wp\/v2\/types\/post"}],"author":[{"embeddable":true,"href":"https:\/\/diarioregionaldigital.com.br\/index.php?rest_route=\/wp\/v2\/users\/246"}],"replies":[{"embeddable":true,"href":"https:\/\/diarioregionaldigital.com.br\/index.php?rest_route=%2Fwp%2Fv2%2Fcomments&post=202926"}],"version-history":[{"count":1,"href":"https:\/\/diarioregionaldigital.com.br\/index.php?rest_route=\/wp\/v2\/posts\/202926\/revisions"}],"predecessor-version":[{"id":202928,"href":"https:\/\/diarioregionaldigital.com.br\/index.php?rest_route=\/wp\/v2\/posts\/202926\/revisions\/202928"}],"wp:featuredmedia":[{"embeddable":true,"href":"https:\/\/diarioregionaldigital.com.br\/index.php?rest_route=\/wp\/v2\/media\/202927"}],"wp:attachment":[{"href":"https:\/\/diarioregionaldigital.com.br\/index.php?rest_route=%2Fwp%2Fv2%2Fmedia&parent=202926"}],"wp:term":[{"taxonomy":"category","embeddable":true,"href":"https:\/\/diarioregionaldigital.com.br\/index.php?rest_route=%2Fwp%2Fv2%2Fcategories&post=202926"},{"taxonomy":"post_tag","embeddable":true,"href":"https:\/\/diarioregionaldigital.com.br\/index.php?rest_route=%2Fwp%2Fv2%2Ftags&post=202926"}],"curies":[{"name":"wp","href":"https:\/\/api.w.org\/{rel}","templated":true}]}}