{"id":202923,"date":"2022-08-11T20:08:23","date_gmt":"2022-08-11T23:08:23","guid":{"rendered":"https:\/\/diarioregionaldigital.com.br\/?p=202923"},"modified":"2022-08-11T20:08:23","modified_gmt":"2022-08-11T23:08:23","slug":"projeto-cria-programa-de-acompanhamento-de-pacientes-de-cancer-de-mama","status":"publish","type":"post","link":"https:\/\/diarioregionaldigital.com.br\/?p=202923","title":{"rendered":"Projeto cria programa de acompanhamento de pacientes de c\u00e2ncer de mama"},"content":{"rendered":"<p>O Senado aprovou hoje (10) o projeto que cria um programa de acompanhamento de pacientes com c\u00e2ncer de mama, para prestar orienta\u00e7\u00e3o e tornar mais \u00e1geis o diagn\u00f3stico e o tratamento. O projeto de cria\u00e7\u00e3o do Programa Nacional de Navega\u00e7\u00e3o de Pacientes para Pessoas com Neoplasia Maligna de Mama volta \u00e0 C\u00e2mara dos Deputados para nova an\u00e1lise, uma vez que foi modificado pelos senadores.<img decoding=\"async\" src=\"https:\/\/agenciabrasil.ebc.com.br\/ebc.png?id=1475687&amp;o=node\" \/><img decoding=\"async\" src=\"https:\/\/agenciabrasil.ebc.com.br\/ebc.gif?id=1475687&amp;o=node\" \/><\/p>\n<p>O texto estabelece a cria\u00e7\u00e3o do programa no \u00e2mbito do Sistema \u00danico de Sa\u00fade (SUS) e integrado \u00e0 Pol\u00edtica Nacional de Aten\u00e7\u00e3o Oncol\u00f3gica, com medidas de agilidade no atendimento, diagn\u00f3stico e tratamento da doen\u00e7a. Segundo o projeto, o diagn\u00f3stico deve ser viabilizado em menos de 30 dias. Depois de diagnosticado, o paciente deve ter o tratamento iniciado em at\u00e9 60 dias.<\/p>\n<p>A navega\u00e7\u00e3o \u00e9 o acompanhamento dos casos de suspeita ou de confirma\u00e7\u00e3o da doen\u00e7a com abordagem individual e orienta\u00e7\u00f5es a cada paciente. De acordo com o relat\u00f3rio, os navegadores atuam como uma ponte entre o paciente, o estabelecimento de sa\u00fade e os recursos da comunidade.<\/p>\n<p>\u201cSomos favor\u00e1veis \u00e0 iniciativa legislativa e esperamos que seja transformada em lei para beneficiar as pessoas com c\u00e2ncer de mama que dependem do SUS. Essas pessoas precisam enfrentar as in\u00fameras barreiras que costumam impedi-las de exercer seu direito \u00e0 sa\u00fade, garantido pela pr\u00f3pria Constitui\u00e7\u00e3o Federal, especialmente no caso dos doentes pertencentes \u00e0s camadas mais vulner\u00e1veis da popula\u00e7\u00e3o brasileira\u201d, diz o relat\u00f3rio.<\/p>\n<p>O projeto, oriundo da C\u00e2mara sofreu altera\u00e7\u00f5es e voltar\u00e1 \u00e0quela Casa para nova an\u00e1lise. Uma das emendas incluiu no texto a determina\u00e7\u00e3o de que a equipe de sa\u00fade mantenha contato com o paciente por telefone e por e-mail al\u00e9m de garantir a ele o direito de entrar em contato sempre que tiver necessidade de esclarecer suas d\u00favidas ao longo do tratamento. A outra emenda determina que o programa deve estar integrado \u00e0 Pol\u00edtica Nacional de Aten\u00e7\u00e3o \u00e0 Sa\u00fade dos Povos Ind\u00edgenas.<\/p>\n<p>A aprova\u00e7\u00e3o do projeto ocorreu no dia reservado \u00e0 vota\u00e7\u00e3o de propostas voltadas aos interesses e direitos da mulher. O dia de hoje foi escolhido em comemora\u00e7\u00e3o aos 16 anos da Lei Maria da Penha, completados no dia 7 de agosto.<\/p>\n<p><span style=\"font-weight: 400;\"><br \/>\n<\/span><span style=\"font-weight: 400;\">Fonte: Ag\u00eancia Brasil <\/span><\/p>\n","protected":false},"excerpt":{"rendered":"<p>O Senado aprovou hoje (10) o projeto que cria um programa de acompanhamento de pacientes com c\u00e2ncer de mama, para prestar orienta\u00e7\u00e3o e tornar mais \u00e1geis o diagn\u00f3stico e o tratamento. O projeto de cria\u00e7\u00e3o do Programa Nacional de Navega\u00e7\u00e3o de Pacientes para Pessoas com Neoplasia Maligna de Mama volta \u00e0 C\u00e2mara dos Deputados para [&hellip;]<\/p>\n","protected":false},"author":246,"featured_media":202924,"comment_status":"closed","ping_status":"closed","sticky":false,"template":"","format":"standard","meta":{"footnotes":""},"categories":[436,254,439],"tags":[],"class_list":["post-202923","post","type-post","status-publish","format-standard","has-post-thumbnail","hentry","category-destaque-da-semana","category-politica","category-ultima-hora"],"_links":{"self":[{"href":"https:\/\/diarioregionaldigital.com.br\/index.php?rest_route=\/wp\/v2\/posts\/202923","targetHints":{"allow":["GET"]}}],"collection":[{"href":"https:\/\/diarioregionaldigital.com.br\/index.php?rest_route=\/wp\/v2\/posts"}],"about":[{"href":"https:\/\/diarioregionaldigital.com.br\/index.php?rest_route=\/wp\/v2\/types\/post"}],"author":[{"embeddable":true,"href":"https:\/\/diarioregionaldigital.com.br\/index.php?rest_route=\/wp\/v2\/users\/246"}],"replies":[{"embeddable":true,"href":"https:\/\/diarioregionaldigital.com.br\/index.php?rest_route=%2Fwp%2Fv2%2Fcomments&post=202923"}],"version-history":[{"count":1,"href":"https:\/\/diarioregionaldigital.com.br\/index.php?rest_route=\/wp\/v2\/posts\/202923\/revisions"}],"predecessor-version":[{"id":202925,"href":"https:\/\/diarioregionaldigital.com.br\/index.php?rest_route=\/wp\/v2\/posts\/202923\/revisions\/202925"}],"wp:featuredmedia":[{"embeddable":true,"href":"https:\/\/diarioregionaldigital.com.br\/index.php?rest_route=\/wp\/v2\/media\/202924"}],"wp:attachment":[{"href":"https:\/\/diarioregionaldigital.com.br\/index.php?rest_route=%2Fwp%2Fv2%2Fmedia&parent=202923"}],"wp:term":[{"taxonomy":"category","embeddable":true,"href":"https:\/\/diarioregionaldigital.com.br\/index.php?rest_route=%2Fwp%2Fv2%2Fcategories&post=202923"},{"taxonomy":"post_tag","embeddable":true,"href":"https:\/\/diarioregionaldigital.com.br\/index.php?rest_route=%2Fwp%2Fv2%2Ftags&post=202923"}],"curies":[{"name":"wp","href":"https:\/\/api.w.org\/{rel}","templated":true}]}}