{"id":202920,"date":"2022-08-11T20:06:50","date_gmt":"2022-08-11T23:06:50","guid":{"rendered":"https:\/\/diarioregionaldigital.com.br\/?p=202920"},"modified":"2022-08-11T20:06:50","modified_gmt":"2022-08-11T23:06:50","slug":"senado-aprova-projeto-que-altera-area-da-floresta-nacional-de-brasilia","status":"publish","type":"post","link":"https:\/\/diarioregionaldigital.com.br\/?p=202920","title":{"rendered":"Senado aprova projeto que altera \u00e1rea da Floresta Nacional de Bras\u00edlia"},"content":{"rendered":"<p>O Senado aprovou hoje (10) um Projeto de Lei (PL) PL 2.776\/2020, que reduz a \u00e1rea da Floresta Nacional de Bras\u00edlia (Flona), no Distrito Federal, para fins de regulariza\u00e7\u00e3o urbana de dois assentamentos. O projeto tamb\u00e9m amplia os limites de outro ponto da floresta, como contrapartida aos cerca de 4 mil hectares perdidos. O projeto segue para san\u00e7\u00e3o presidencial.<img decoding=\"async\" src=\"https:\/\/agenciabrasil.ebc.com.br\/ebc.png?id=1475690&amp;o=node\" \/><img decoding=\"async\" src=\"https:\/\/agenciabrasil.ebc.com.br\/ebc.gif?id=1475690&amp;o=node\" \/><\/p>\n<p>De acordo com o projeto, as \u00e1reas 2 e 3 deixam de fazer parte da Flona. Na \u00c1rea 2, com 996,47 hectares, est\u00e1 o assentamento 26 de Setembro; e na \u00c1rea 3, de 3.071 hectares, est\u00e1 o assentamento Maranata. A Flona est\u00e1 localizada pr\u00f3xima \u00e0s regi\u00f5es administrativas de Taguatinga e Vicente Pires.<\/p>\n<p>Segundo o projeto, o limite da \u00c1rea 4 passar\u00e1 a perfazer aproximadamente 1.887 hectares, conforme a poligonal descrita. O projeto prev\u00ea, ainda, a defini\u00e7\u00e3o futura de \u00e1rea para fins de compensa\u00e7\u00e3o \u00e0 Flona de Bras\u00edlia, considerada a viabilidade ambiental, social e econ\u00f4mica.<\/p>\n<p>Por outro lado, a \u00e1rea 1 da Floresta Nacional ser\u00e1 ampliada para abranger tamb\u00e9m a \u00c1rea de Prote\u00e7\u00e3o de Mananciais (APM) dos C\u00f3rregos Currais e Pedras, compreendendo um total de 3,7 mil hectares. A \u00c1rea 1 da Flona de Bras\u00edlia \u00e9 a por\u00e7\u00e3o mais preservada e \u00e9 onde est\u00e3o localizadas as trilhas de visita\u00e7\u00e3o p\u00fablica e as infraestruturas f\u00edsicas da Flona de Bras\u00edlia.<\/p>\n<p>\u201cA despeito da necessidade de cria\u00e7\u00e3o dessa unidade de conserva\u00e7\u00e3o para a preserva\u00e7\u00e3o de mananciais do Distrito Federal, \u00e9 ineg\u00e1vel e conhecido o fato de esse espa\u00e7o especialmente protegido ter sido estabelecido em \u00e1reas habitadas, sem que jamais tenha ocorrido a transfer\u00eancia dessas fam\u00edlias\u201d, disse o relator do projeto no Senado, Izalci Lucas (PSDB-DF).<\/p>\n<p>Esse projeto teve origem na C\u00e2mara dos Deputados, mas existe um outro, o PL 4.379\/2020, de origem no Senado, que traz a compensa\u00e7\u00e3o pelas perdas territoriais da Flona. Nesse projeto, de autoria do pr\u00f3prio senador Izalci, a por\u00e7\u00e3o n\u00e3o ocupada da \u00c1rea 3, 2,3 mil hectares, ser\u00e1 incorporada \u00e0 \u00c1rea de Prote\u00e7\u00e3o Ambiental (APA) da bacia do Rio Descoberto. Izalci defendeu a aprova\u00e7\u00e3o do seu projeto, que j\u00e1 passou pelo Senado e tramita na C\u00e2mara.<\/p>\n<p>\u201cA modifica\u00e7\u00e3o nela preconizada \u00e9 a mesma que propomos em nosso PL 4.379, de 2020, aprovado nesta Casa e remetido \u00e0 C\u00e2mara dos Deputados. Trata-se da compensa\u00e7\u00e3o ambiental necess\u00e1ria \u00e0 supress\u00e3o das \u00c1reas 2 e 3 do projeto de lei ora analisado, por meio de acr\u00e9scimo dos limites do Parque Nacional da Contagem\u201d, disse o senador.<\/p>\n<p><span style=\"font-weight: 400;\">Fonte: Ag\u00eancia Brasil <\/span><\/p>\n","protected":false},"excerpt":{"rendered":"<p>O Senado aprovou hoje (10) um Projeto de Lei (PL) PL 2.776\/2020, que reduz a \u00e1rea da Floresta Nacional de Bras\u00edlia (Flona), no Distrito Federal, para fins de regulariza\u00e7\u00e3o urbana de dois assentamentos. O projeto tamb\u00e9m amplia os limites de outro ponto da floresta, como contrapartida aos cerca de 4 mil hectares perdidos. O projeto [&hellip;]<\/p>\n","protected":false},"author":246,"featured_media":202921,"comment_status":"closed","ping_status":"closed","sticky":false,"template":"","format":"standard","meta":{"footnotes":""},"categories":[436,254,439],"tags":[],"class_list":["post-202920","post","type-post","status-publish","format-standard","has-post-thumbnail","hentry","category-destaque-da-semana","category-politica","category-ultima-hora"],"_links":{"self":[{"href":"https:\/\/diarioregionaldigital.com.br\/index.php?rest_route=\/wp\/v2\/posts\/202920","targetHints":{"allow":["GET"]}}],"collection":[{"href":"https:\/\/diarioregionaldigital.com.br\/index.php?rest_route=\/wp\/v2\/posts"}],"about":[{"href":"https:\/\/diarioregionaldigital.com.br\/index.php?rest_route=\/wp\/v2\/types\/post"}],"author":[{"embeddable":true,"href":"https:\/\/diarioregionaldigital.com.br\/index.php?rest_route=\/wp\/v2\/users\/246"}],"replies":[{"embeddable":true,"href":"https:\/\/diarioregionaldigital.com.br\/index.php?rest_route=%2Fwp%2Fv2%2Fcomments&post=202920"}],"version-history":[{"count":1,"href":"https:\/\/diarioregionaldigital.com.br\/index.php?rest_route=\/wp\/v2\/posts\/202920\/revisions"}],"predecessor-version":[{"id":202922,"href":"https:\/\/diarioregionaldigital.com.br\/index.php?rest_route=\/wp\/v2\/posts\/202920\/revisions\/202922"}],"wp:featuredmedia":[{"embeddable":true,"href":"https:\/\/diarioregionaldigital.com.br\/index.php?rest_route=\/wp\/v2\/media\/202921"}],"wp:attachment":[{"href":"https:\/\/diarioregionaldigital.com.br\/index.php?rest_route=%2Fwp%2Fv2%2Fmedia&parent=202920"}],"wp:term":[{"taxonomy":"category","embeddable":true,"href":"https:\/\/diarioregionaldigital.com.br\/index.php?rest_route=%2Fwp%2Fv2%2Fcategories&post=202920"},{"taxonomy":"post_tag","embeddable":true,"href":"https:\/\/diarioregionaldigital.com.br\/index.php?rest_route=%2Fwp%2Fv2%2Ftags&post=202920"}],"curies":[{"name":"wp","href":"https:\/\/api.w.org\/{rel}","templated":true}]}}