{"id":202910,"date":"2022-08-11T19:58:10","date_gmt":"2022-08-11T22:58:10","guid":{"rendered":"https:\/\/diarioregionaldigital.com.br\/?p=202910"},"modified":"2022-08-11T19:58:10","modified_gmt":"2022-08-11T22:58:10","slug":"producao-de-motocicletas-tem-melhor-acumulado-para-julho-desde-2015","status":"publish","type":"post","link":"https:\/\/diarioregionaldigital.com.br\/?p=202910","title":{"rendered":"Produ\u00e7\u00e3o de motocicletas tem melhor acumulado para julho desde 2015"},"content":{"rendered":"<p>A produ\u00e7\u00e3o de motocicletas do Polo Industrial de Manaus chegou a 104.776 unidades em julho, com alta de 3% sobre o resultado de junho (101.695 motocicletas) e de 10,3% na compara\u00e7\u00e3o com o mesmo m\u00eas do ano passado (95.025 unidades). No acumulado do ano, o total ficou em 776.069 motocicletas, com alta de 16,9% na compara\u00e7\u00e3o com o mesmo per\u00edodo de 2021 (663.888 unidades).<img decoding=\"async\" src=\"https:\/\/agenciabrasil.ebc.com.br\/ebc.png?id=1475853&amp;o=node\" \/><img decoding=\"async\" src=\"https:\/\/agenciabrasil.ebc.com.br\/ebc.gif?id=1475853&amp;o=node\" \/><\/p>\n<p>Segundo a Associa\u00e7\u00e3o Brasileira dos Fabricantes de Motocicletas, Ciclomotores, Motonetas, Bicicletas e Similares (Abraciclo), que divulgou os dados nesta quinta-feira (11), este \u00e9 o melhor resultado para os sete primeiros meses do ano desde 2015 (799.990 motocicletas). \u201cMesmo com as f\u00e9rias coletivas de junho e julho, as associadas realizaram um grande esfor\u00e7o de produ\u00e7\u00e3o para atender a demanda do mercado\u201d, disse o presidente da Abraciclo, Marcos Fermanian.<\/p>\n<p>De acordo com o levantamento mensal, em julho, foram vendidas 107.449 unidades, 11% a menos que em junho (120.841 unidades). Na compara\u00e7\u00e3o em o mesmo m\u00eas do ano passado, houve baixa de 4,5% (112.538 motocicletas). No acumulado do ano, os licenciamentos totalizaram 774.064 unidades, crescimento de 18,2% em rela\u00e7\u00e3o ao mesmo per\u00edodo de 2021 (629.692 motocicletas).<\/p>\n<p>A m\u00e9dia di\u00e1ria de vendas de julho, que teve 21 dias \u00fateis, foi de 5.119 motocicletas. \u00c9 o melhor resultado para o m\u00eas desde 2014 (5.261 unidades emplacadas\/dia). Na compara\u00e7\u00e3o com junho, tamb\u00e9m com 21 dias \u00fateis, houve queda de 11% (5.754 motocicletas vendidas\/dia). Na compara\u00e7\u00e3o com o mesmo m\u00eas do ano passado, que teve 22 dias \u00fateis, os licenciamentos cresceram 0,1% (5.115 unidades\/dia).<\/p>\n<h2>Exporta\u00e7\u00f5es<\/h2>\n<p>As exporta\u00e7\u00f5es totalizaram 4.962 motocicletas em julho, aumento de 8,1% em rela\u00e7\u00e3o a junho de 2022 (4.592 unidades). Na compara\u00e7\u00e3o com o mesmo m\u00eas do ano passado (6.026 motocicletas), houve queda de 17,7%. No acumulado do ano, foram embarcadas para o exterior 30.077 unidades, o que representa queda de 6,8%, quando comparado ao resultado do mesmo per\u00edodo de 2021 (32.286 motocicletas embarcadas)<\/p>\n<p>De acordo com levantamento do portal de estat\u00edsticas de com\u00e9rcio exterior Comex Stat, que registra os embarques totais de cada m\u00eas, analisados pela Abraciclo, os tr\u00eas principais mercados em julho foram Col\u00f4mbia (2.132 motocicletas e 40,6% do volume total exportado), Argentina (1.660 unidades e 31,6%) e Estados Unidos (758 motocicletas e 14,4%). No acumulado do ano, os principais destinos foram: Col\u00f4mbia (9.128 motocicletas e 31% do volume total exportado), Argentina (7.845 unidades e 26,6%) e Estados Unidos (5.414 motocicletas e 18,4%).<\/p>\n<p><span style=\"font-weight: 400;\"><br \/>\n<\/span><span style=\"font-weight: 400;\">Fonte: Ag\u00eancia Brasil\u00a0<\/span><span style=\"font-weight: 400;\"><br \/>\n<\/span><\/p>\n","protected":false},"excerpt":{"rendered":"<p>A produ\u00e7\u00e3o de motocicletas do Polo Industrial de Manaus chegou a 104.776 unidades em julho, com alta de 3% sobre o resultado de junho (101.695 motocicletas) e de 10,3% na compara\u00e7\u00e3o com o mesmo m\u00eas do ano passado (95.025 unidades). No acumulado do ano, o total ficou em 776.069 motocicletas, com alta de 16,9% na [&hellip;]<\/p>\n","protected":false},"author":246,"featured_media":202911,"comment_status":"closed","ping_status":"closed","sticky":false,"template":"","format":"standard","meta":{"footnotes":""},"categories":[436,261,439],"tags":[],"class_list":["post-202910","post","type-post","status-publish","format-standard","has-post-thumbnail","hentry","category-destaque-da-semana","category-economia","category-ultima-hora"],"_links":{"self":[{"href":"https:\/\/diarioregionaldigital.com.br\/index.php?rest_route=\/wp\/v2\/posts\/202910","targetHints":{"allow":["GET"]}}],"collection":[{"href":"https:\/\/diarioregionaldigital.com.br\/index.php?rest_route=\/wp\/v2\/posts"}],"about":[{"href":"https:\/\/diarioregionaldigital.com.br\/index.php?rest_route=\/wp\/v2\/types\/post"}],"author":[{"embeddable":true,"href":"https:\/\/diarioregionaldigital.com.br\/index.php?rest_route=\/wp\/v2\/users\/246"}],"replies":[{"embeddable":true,"href":"https:\/\/diarioregionaldigital.com.br\/index.php?rest_route=%2Fwp%2Fv2%2Fcomments&post=202910"}],"version-history":[{"count":1,"href":"https:\/\/diarioregionaldigital.com.br\/index.php?rest_route=\/wp\/v2\/posts\/202910\/revisions"}],"predecessor-version":[{"id":202912,"href":"https:\/\/diarioregionaldigital.com.br\/index.php?rest_route=\/wp\/v2\/posts\/202910\/revisions\/202912"}],"wp:featuredmedia":[{"embeddable":true,"href":"https:\/\/diarioregionaldigital.com.br\/index.php?rest_route=\/wp\/v2\/media\/202911"}],"wp:attachment":[{"href":"https:\/\/diarioregionaldigital.com.br\/index.php?rest_route=%2Fwp%2Fv2%2Fmedia&parent=202910"}],"wp:term":[{"taxonomy":"category","embeddable":true,"href":"https:\/\/diarioregionaldigital.com.br\/index.php?rest_route=%2Fwp%2Fv2%2Fcategories&post=202910"},{"taxonomy":"post_tag","embeddable":true,"href":"https:\/\/diarioregionaldigital.com.br\/index.php?rest_route=%2Fwp%2Fv2%2Ftags&post=202910"}],"curies":[{"name":"wp","href":"https:\/\/api.w.org\/{rel}","templated":true}]}}