{"id":202899,"date":"2022-08-11T19:52:36","date_gmt":"2022-08-11T22:52:36","guid":{"rendered":"https:\/\/diarioregionaldigital.com.br\/?p=202899"},"modified":"2022-08-11T19:52:36","modified_gmt":"2022-08-11T22:52:36","slug":"anuario-do-petroleo-mostra-cenario-positivo-para-mercado-diz-firjan","status":"publish","type":"post","link":"https:\/\/diarioregionaldigital.com.br\/?p=202899","title":{"rendered":"Anu\u00e1rio do Petr\u00f3leo mostra cen\u00e1rio positivo para mercado, diz Firjan"},"content":{"rendered":"<p>A Federa\u00e7\u00e3o das Ind\u00fastrias do Estado do Rio\u00a0de Janeiro\u00a0(Firjan) lan\u00e7ou hoje\u00a0(11), em sua sede, na capital fluminense, o\u00a0Anu\u00e1rio do Petr\u00f3leo no Rio 2022. O documento re\u00fane informa\u00e7\u00f5es qualificadas para pautar as empresas do setor em suas decis\u00f5es de investimentos, bem como elaborarem seus planos de neg\u00f3cios no estado e no pa\u00eds..<img decoding=\"async\" src=\"https:\/\/agenciabrasil.ebc.com.br\/ebc.png?id=1475911&amp;o=node\" \/><img decoding=\"async\" src=\"https:\/\/agenciabrasil.ebc.com.br\/ebc.gif?id=1475911&amp;o=node\" \/><\/p>\n<p>Segundo\u00a0o coordenador de Conte\u00fado Estrat\u00e9gico de Petr\u00f3leo, G\u00e1s e Naval da Firjan, Fernando Montera, o\u00a0Rio\u00a0de Janeiro, maior estado produtor do pa\u00eds, acaba sendo o local que mais atrai a aten\u00e7\u00e3o dos investidores. A an\u00e1lise dos dados do primeiro semestre revela que\u00a0foi o \u00fanico que teve aumento significativo de produ\u00e7\u00e3o.<\/p>\n<p>Enquanto os estados tiveram queda estimada de 15%\u00a0no total, o Rio\u00a0de Janeiro\u00a0aumentou a produ\u00e7\u00e3o em 130 mil barris\/dia, ampliada em 5,5% nos seis primeiros meses deste ano. No Brasil, o crescimento foi de 1,5%<\/p>\n<p>Alagoas tamb\u00e9m apresentou expans\u00e3o na produ\u00e7\u00e3o no semestre, embora mais modesta, de 400 barris di\u00e1rios. \u201cFoi um aumento de produ\u00e7\u00e3o suficiente para compensar a queda dos outros estados e, ainda, aumentar a produ\u00e7\u00e3o total do pa\u00eds\u201d.<\/p>\n<p>\u201cO Brasil vive\u00a0atualmente\u00a0um superciclo do petr\u00f3leo. O pre\u00e7o\u00a0ultrapassa a faixa dos R$ 600, valor nunca antes visto no pa\u00eds. Isso reflete, em receita, em a\u00e7\u00f5es governamentais, em apetite de investimento\u201d, disse\u00a0Montera \u00e0\u00a0<strong>Ag\u00eancia Brasil<\/strong>.<\/p>\n<h2>Atividade explorat\u00f3ria<\/h2>\n<p>O anu\u00e1rio ressalta\u00a0a queda na atividade explorat\u00f3ria\u00a0<em>offshore<\/em>\u00a0(no mar). Em compara\u00e7\u00e3o a\u00a0dados de 2012 e 2022, ocorreu redu\u00e7\u00e3o de 90% na perfura\u00e7\u00e3o de po\u00e7os para fins explorat\u00f3rios, que est\u00e3o buscando novas reservas de \u00f3leo, indicou o coordenador.<\/p>\n<p>\u201cSe a atividade reduz, isso compromete a reposi\u00e7\u00e3o das reservas no longo prazo\u201d. Em 2012, a rela\u00e7\u00e3o mostrava que as reservas podiam se sustentar por mais de 20 anos.\u00a0Hoje, essa rela\u00e7\u00e3o caiu para cerca de 13 anos. Montera comentou, por\u00e9m, que um lado positivo da retra\u00e7\u00e3o \u00e9 que as \u00e1reas que est\u00e3o sendo licitadas t\u00eam menor risco explorat\u00f3rio.<\/p>\n<h2>Carbono<\/h2>\n<p>Os companhias petroleiras\u00a0trabalham\u00a0para descarbonizar os processos de produ\u00e7\u00e3o. O pa\u00eds tem grande participa\u00e7\u00e3o de energias renov\u00e1veis, ou energias limpas, na matriz energ\u00e9tica. Como a energia nacional \u00e9 limpa,\u00a0em grande parte, o fornecedor no Brasil e no Rio\u00a0de Janeiro\u00a0tem processo produtivo menos poluente do que a m\u00e9dia mundial.<\/p>\n<p>\u201cO Brasil emite seis vezes menos do que a China, 4,8 vezes menos que a Coreia do Sul e 4,6 vezes menos que a m\u00e9dia mundial. Isso \u00e9 um diferencial competitivo do fornecedor brasileiro e fluminense, que precisa ser destacado. \u00c9 bom olhar para a capacidade competitiva que a gente tem e mostrar para o mundo que, no Brasil, voc\u00ea compra um produto que polui menos\u201d.<\/p>\n<p>O coordenador\u00a0ressaltou que as quest\u00f5es de governan\u00e7a ambiental, social e corporativa\u00a0s\u00e3o direcionadoras dos investimentos atualmente.<\/p>\n<h2>Pr\u00e9-sal<\/h2>\n<p>Al\u00e9m de\u00a0ter\u00a0grandes volumes de petr\u00f3leo e g\u00e1s, a regi\u00e3o do pr\u00e9-sal brasileiro \u00e9 altamente produtiva. Outro fator positivo \u00e9 que as empresas acabam demandando ali menos investimentos para produzir a mesma quantidade de \u00f3leo de outros campos.<\/p>\n<p>De acordo com Montera,\u00a0antes\u00a0eram necess\u00e1rio de 10 a 15 po\u00e7os para encher uma plataforma.\u00a0Hoje, no pr\u00e9-sal, com cinco po\u00e7os j\u00e1 \u00e9 poss\u00edvel atingir o m\u00e1ximo de capacidade de produ\u00e7\u00e3o, porque s\u00e3o reservat\u00f3rios com um n\u00edvel de produtividade maior.<\/p>\n<p>O pr\u00e9-sal representa 75% da produ\u00e7\u00e3o nacional de petr\u00f3leo e\u00a0o Rio de janeiro vem expandindo seu papel na produ\u00e7\u00e3o nacional, chegando a 83% em 2022 e retomando patamar semelhante ao ano de 2010. A maioria das \u00e1reas explorat\u00f3rias do pr\u00e9-sal se encontra nos limites geogr\u00e1ficos dos mares fluminenses.<\/p>\n<h2>Competitividade<\/h2>\n<p>O presidente em exerc\u00edcio da Firjan, Luiz C\u00e9sio Caetano, defendeu a necessidade de se explicitar o diferencial competitivo do Brasil e do Rio\u00a0de Janeiro.<\/p>\n<p>\u201cO petr\u00f3leo que o Rio\u00a0de Janeiro\u00a0produz \u00e9 de melhor qualidade, tem custo mais barato de produ\u00e7\u00e3o, \u00e9 mais produtivo, a ind\u00fastria emite menos que outras localidades do mundo. A gente precisa ressaltar que \u00e9 capaz de atender (a demanda), e de atrair mais investimentos. \u00c9 preciso uma\u00a0pol\u00edtica de estado de longo prazo, que olhe para os diferenciais competitivos e consiga melhorar outras quest\u00f5es que n\u00e3o s\u00e3o ainda competitivas.\u201d<\/p>\n<p>Caetano destacou\u00a0ainda a necessidade de rever o modelo de partilha\u00a0adotado atualmente no Brasil, retornando ao modelo anterior de concess\u00e3o, para o caso de leil\u00e3o de novas \u00e1reas explorat\u00f3rias do pr\u00e9-sal que exijam mais investimentos e n\u00e3o apresentem o mesmo n\u00edvel de produtividade, \u00e9 uma das a\u00e7\u00f5es que devem ser consideradas.<\/p>\n<p>Tamb\u00e9m indicou\u00a0a\u00a0import\u00e2ncia de fornecedores e demandantes conversarem para entender os\u00a0<em>gaps<\/em>\u00a0(lacunas) de competitividade que podem ser solucionados\u00a0sem necessidade de atua\u00e7\u00e3o governamental. A Firjan tem um programa denominado Rede de Oportunidades \u00d3leo, G\u00e1s e Naval, que tem esse objetivo.<\/p>\n<p><span style=\"font-weight: 400;\">Fonte: Ag\u00eancia Brasil <\/span><\/p>\n","protected":false},"excerpt":{"rendered":"<p>A Federa\u00e7\u00e3o das Ind\u00fastrias do Estado do Rio\u00a0de Janeiro\u00a0(Firjan) lan\u00e7ou hoje\u00a0(11), em sua sede, na capital fluminense, o\u00a0Anu\u00e1rio do Petr\u00f3leo no Rio 2022. O documento re\u00fane informa\u00e7\u00f5es qualificadas para pautar as empresas do setor em suas decis\u00f5es de investimentos, bem como elaborarem seus planos de neg\u00f3cios no estado e no pa\u00eds.. Segundo\u00a0o coordenador de Conte\u00fado [&hellip;]<\/p>\n","protected":false},"author":246,"featured_media":202900,"comment_status":"closed","ping_status":"closed","sticky":false,"template":"","format":"standard","meta":{"footnotes":""},"categories":[436,440,261,439],"tags":[],"class_list":["post-202899","post","type-post","status-publish","format-standard","has-post-thumbnail","hentry","category-destaque-da-semana","category-destaques-do-dia","category-economia","category-ultima-hora"],"_links":{"self":[{"href":"https:\/\/diarioregionaldigital.com.br\/index.php?rest_route=\/wp\/v2\/posts\/202899","targetHints":{"allow":["GET"]}}],"collection":[{"href":"https:\/\/diarioregionaldigital.com.br\/index.php?rest_route=\/wp\/v2\/posts"}],"about":[{"href":"https:\/\/diarioregionaldigital.com.br\/index.php?rest_route=\/wp\/v2\/types\/post"}],"author":[{"embeddable":true,"href":"https:\/\/diarioregionaldigital.com.br\/index.php?rest_route=\/wp\/v2\/users\/246"}],"replies":[{"embeddable":true,"href":"https:\/\/diarioregionaldigital.com.br\/index.php?rest_route=%2Fwp%2Fv2%2Fcomments&post=202899"}],"version-history":[{"count":2,"href":"https:\/\/diarioregionaldigital.com.br\/index.php?rest_route=\/wp\/v2\/posts\/202899\/revisions"}],"predecessor-version":[{"id":202902,"href":"https:\/\/diarioregionaldigital.com.br\/index.php?rest_route=\/wp\/v2\/posts\/202899\/revisions\/202902"}],"wp:featuredmedia":[{"embeddable":true,"href":"https:\/\/diarioregionaldigital.com.br\/index.php?rest_route=\/wp\/v2\/media\/202900"}],"wp:attachment":[{"href":"https:\/\/diarioregionaldigital.com.br\/index.php?rest_route=%2Fwp%2Fv2%2Fmedia&parent=202899"}],"wp:term":[{"taxonomy":"category","embeddable":true,"href":"https:\/\/diarioregionaldigital.com.br\/index.php?rest_route=%2Fwp%2Fv2%2Fcategories&post=202899"},{"taxonomy":"post_tag","embeddable":true,"href":"https:\/\/diarioregionaldigital.com.br\/index.php?rest_route=%2Fwp%2Fv2%2Ftags&post=202899"}],"curies":[{"name":"wp","href":"https:\/\/api.w.org\/{rel}","templated":true}]}}