{"id":202710,"date":"2022-08-08T19:43:20","date_gmt":"2022-08-08T22:43:20","guid":{"rendered":"https:\/\/diarioregionaldigital.com.br\/?p=202710"},"modified":"2022-08-08T19:43:20","modified_gmt":"2022-08-08T22:43:20","slug":"consorcio-infraestrutura-mg-vence-leilao-de-lote-rodoviario-em-minas","status":"publish","type":"post","link":"https:\/\/diarioregionaldigital.com.br\/?p=202710","title":{"rendered":"Cons\u00f3rcio Infraestrutura MG vence leil\u00e3o de lote rodovi\u00e1rio em Minas"},"content":{"rendered":"<p>O cons\u00f3rcio Infraestrutura MG, formado pelas empresas Equipav e Perfin, arrematou hoje (8) o lote rodovi\u00e1rio Tri\u00e2ngulo Mineiro em leil\u00e3o realizado em S\u00e3o Paulo. Ele foi o \u00fanico concorrente a participar do preg\u00e3o e fez oferta de valor da tarifa b\u00e1sica do ped\u00e1gio de R$ 11,48, um centavo abaixo do m\u00e1ximo permitido pelo edital (R$ 11,49).\u00a0<img decoding=\"async\" src=\"https:\/\/agenciabrasil.ebc.com.br\/ebc.png?id=1475221&amp;o=node\" \/><img decoding=\"async\" src=\"https:\/\/agenciabrasil.ebc.com.br\/ebc.gif?id=1475221&amp;o=node\" \/><\/p>\n<p>O leil\u00e3o estava previsto para ser realizado na bolsa de valores de S\u00e3o Paulo, a B3, mas uma a\u00e7\u00e3o judicial do Minist\u00e9rio P\u00fablico Federal (MPF) impediu que o evento ocorresse ali. A Secretaria de Estado de Infraestrutura e Mobilidade do estado de Minas Gerais optou por realizar o preg\u00e3o em um pr\u00e9dio da pr\u00f3pria secretaria, nas proximidades da B3, no centro de S\u00e3o Paulo.<\/p>\n<p>O grupo vencedor ser\u00e1 respons\u00e1vel pela concess\u00e3o de 627,4 km de rodovias entre as cidades mineiras de Uberl\u00e2ndia, Uberaba, Patroc\u00ednio e Arax\u00e1.<\/p>\n<h2>Rodovias<\/h2>\n<p>O projeto, de explora\u00e7\u00e3o, conserva\u00e7\u00e3o, manuten\u00e7\u00e3o, melhoramentos e amplia\u00e7\u00e3o da infraestrutura, abrange trechos das rodovias BR-452 (96 km), BR-365 (130,1 km), CMG-452 (65,5 km), CMG-462 (93,2 km), LMG-782 (16,4 km), LMG-798 (42,5 km), LMG-812 (7,2 km), MG-190 (71,9) e MG-427 (104,6 km).<\/p>\n<p>Segundo o Banco Nacional de Desenvolvimento Econ\u00f4mico e Social (BNDES), que participou da estrutura\u00e7\u00e3o do projeto de privatiza\u00e7\u00e3o, est\u00e3o previstos investimentos de R$ 3,2 bilh\u00f5es, sendo\u00a0R$ 1,4 bilh\u00e3o nos oito primeiros anos da concess\u00e3o.<\/p>\n<p>O cons\u00f3rcio vencedor ser\u00e1 respons\u00e1vel pela duplica\u00e7\u00e3o de 36,1 quil\u00f4metros de rodovia e implanta\u00e7\u00e3o de 55 quil\u00f4metros de faixas adicionais, al\u00e9m de 353 quil\u00f4metros de acostamento, 52 dispositivos de interse\u00e7\u00e3o e rotat\u00f3rias, tr\u00eas travessias de pedestres e 13 quil\u00f4metros de pavimenta\u00e7\u00e3o, entre outras melhorias.<\/p>\n<h2>A\u00e7\u00e3o na Justi\u00e7a<\/h2>\n<p>O Minist\u00e9rio P\u00fablico Federal (MPF) em Minas Gerais obteve na manh\u00e3 de hoje, na Justi\u00e7a Federal, a suspens\u00e3o do leil\u00e3o em decis\u00e3o publicada pelo Juiz federal Jos\u00e9 Humberto Ferreira, da 2\u00aa Vara Federal C\u00edvel e Criminal de Uberl\u00e2ndia (MG). Apesar da determina\u00e7\u00e3o, o preg\u00e3o ocorreu no meio da tarde. De acordo com a Secretaria de Estado de Infraestrutura e Mobilidade do Estado de Minas Gerais, a pasta n\u00e3o havia sido notificada.<\/p>\n<p><span style=\"font-weight: 400;\">Fonte: Ag\u00eancia Brasil <\/span><\/p>\n","protected":false},"excerpt":{"rendered":"<p>O cons\u00f3rcio Infraestrutura MG, formado pelas empresas Equipav e Perfin, arrematou hoje (8) o lote rodovi\u00e1rio Tri\u00e2ngulo Mineiro em leil\u00e3o realizado em S\u00e3o Paulo. Ele foi o \u00fanico concorrente a participar do preg\u00e3o e fez oferta de valor da tarifa b\u00e1sica do ped\u00e1gio de R$ 11,48, um centavo abaixo do m\u00e1ximo permitido pelo edital (R$ [&hellip;]<\/p>\n","protected":false},"author":246,"featured_media":202711,"comment_status":"closed","ping_status":"closed","sticky":false,"template":"","format":"standard","meta":{"footnotes":""},"categories":[436,440,261,439],"tags":[],"class_list":["post-202710","post","type-post","status-publish","format-standard","has-post-thumbnail","hentry","category-destaque-da-semana","category-destaques-do-dia","category-economia","category-ultima-hora"],"_links":{"self":[{"href":"https:\/\/diarioregionaldigital.com.br\/index.php?rest_route=\/wp\/v2\/posts\/202710","targetHints":{"allow":["GET"]}}],"collection":[{"href":"https:\/\/diarioregionaldigital.com.br\/index.php?rest_route=\/wp\/v2\/posts"}],"about":[{"href":"https:\/\/diarioregionaldigital.com.br\/index.php?rest_route=\/wp\/v2\/types\/post"}],"author":[{"embeddable":true,"href":"https:\/\/diarioregionaldigital.com.br\/index.php?rest_route=\/wp\/v2\/users\/246"}],"replies":[{"embeddable":true,"href":"https:\/\/diarioregionaldigital.com.br\/index.php?rest_route=%2Fwp%2Fv2%2Fcomments&post=202710"}],"version-history":[{"count":1,"href":"https:\/\/diarioregionaldigital.com.br\/index.php?rest_route=\/wp\/v2\/posts\/202710\/revisions"}],"predecessor-version":[{"id":202712,"href":"https:\/\/diarioregionaldigital.com.br\/index.php?rest_route=\/wp\/v2\/posts\/202710\/revisions\/202712"}],"wp:featuredmedia":[{"embeddable":true,"href":"https:\/\/diarioregionaldigital.com.br\/index.php?rest_route=\/wp\/v2\/media\/202711"}],"wp:attachment":[{"href":"https:\/\/diarioregionaldigital.com.br\/index.php?rest_route=%2Fwp%2Fv2%2Fmedia&parent=202710"}],"wp:term":[{"taxonomy":"category","embeddable":true,"href":"https:\/\/diarioregionaldigital.com.br\/index.php?rest_route=%2Fwp%2Fv2%2Fcategories&post=202710"},{"taxonomy":"post_tag","embeddable":true,"href":"https:\/\/diarioregionaldigital.com.br\/index.php?rest_route=%2Fwp%2Fv2%2Ftags&post=202710"}],"curies":[{"name":"wp","href":"https:\/\/api.w.org\/{rel}","templated":true}]}}