{"id":202690,"date":"2022-08-05T20:46:02","date_gmt":"2022-08-05T23:46:02","guid":{"rendered":"https:\/\/diarioregionaldigital.com.br\/?p=202690"},"modified":"2022-08-05T20:46:02","modified_gmt":"2022-08-05T23:46:02","slug":"prefeitura-atende-mais-de-50-vias-com-a-operacao-tapa-buracos-em-seis-dias","status":"publish","type":"post","link":"https:\/\/diarioregionaldigital.com.br\/?p=202690","title":{"rendered":"Prefeitura atende mais de 50 vias com a opera\u00e7\u00e3o tapa-buracos em seis dias"},"content":{"rendered":"<p>Segundo informa\u00e7\u00f5es do site da Prefeitura de Juiz de Fora (PJF), seguindo no objetivo de melhorar a mobilidade urbana da cidade, o Programa Boniteza, da Prefeitura de Juiz de Fora (PJF), atendeu 52 vias com a opera\u00e7\u00e3o tapa-buracos entre os dias 30 de julho, sexta-feira, e 4 de agosto, quinta-feira. Foram realizadas aproximadamente 1100 recomposi\u00e7\u00f5es, com a aplica\u00e7\u00e3o de 467,71 toneladas de CBUQ (massa asf\u00e1ltica) no per\u00edodo. Em 75 atendimentos realizados durante a semana, cerca de 183 buracos foram tapados por dia.<\/p>\n<p>Entre os 26 bairros atendidos, destaque para o Santa Efig\u00eania, na zona sul, onde a opera\u00e7\u00e3o segue em andamento. Apesar de os trabalhos n\u00e3o terem sido conclu\u00eddos por l\u00e1, quem transita pelo bairro, seja a p\u00e9, de carro ou de moto, j\u00e1 pode sentir a diferen\u00e7a no pavimento.<\/p>\n<p>Na outra ponta da cidade, o bairro Igrejinha tamb\u00e9m est\u00e1 recebendo reparos no asfalto. A opera\u00e7\u00e3o segue no Nossa Senhora Aparecida, Santa Rita, Bandeirantes, Vila Ideal, Costa Carvalho, Dom Bosco, Nova Calif\u00f3rnia e Vila Almeida.<\/p>\n<p><strong>Mais equipes, mais produ\u00e7\u00e3o<\/strong><\/p>\n<p>Nas \u00faltimas semanas, a Empresa Municipal de Pavimenta\u00e7\u00e3o e Urbanidades (Empav), que j\u00e1 havia ampliado o n\u00famero de trabalhadores de Parques e Jardins no primeiro semestre, aumentou tamb\u00e9m o n\u00famero de equipes respons\u00e1veis pela opera\u00e7\u00e3o tapa-buracos.<\/p>\n<p>Com o apoio da m\u00e3o de obra de acautelados da Penitenci\u00e1ria Jos\u00e9 Edson Cavalieri (Pjec), em acordo firmado entre a Empav e o Sistema Prisional, Juiz de Fora passa a contar com oito equipes espalhadas pelo munic\u00edpio. O objetivo \u00e9, a curto prazo, aumentar ainda mais a for\u00e7a de trabalho para atender com mais celeridade \u00e0s demandas da cidade.<\/p>\n<p>&nbsp;<\/p>\n","protected":false},"excerpt":{"rendered":"<p>Segundo informa\u00e7\u00f5es do site da Prefeitura de Juiz de Fora (PJF), seguindo no objetivo de melhorar a mobilidade urbana da cidade, o Programa Boniteza, da Prefeitura de Juiz de Fora (PJF), atendeu 52 vias com a opera\u00e7\u00e3o tapa-buracos entre os dias 30 de julho, sexta-feira, e 4 de agosto, quinta-feira. Foram realizadas aproximadamente 1100 recomposi\u00e7\u00f5es, [&hellip;]<\/p>\n","protected":false},"author":246,"featured_media":202691,"comment_status":"closed","ping_status":"closed","sticky":false,"template":"","format":"standard","meta":{"footnotes":""},"categories":[253,436,439],"tags":[],"class_list":["post-202690","post","type-post","status-publish","format-standard","has-post-thumbnail","hentry","category-cidade","category-destaque-da-semana","category-ultima-hora"],"_links":{"self":[{"href":"https:\/\/diarioregionaldigital.com.br\/index.php?rest_route=\/wp\/v2\/posts\/202690","targetHints":{"allow":["GET"]}}],"collection":[{"href":"https:\/\/diarioregionaldigital.com.br\/index.php?rest_route=\/wp\/v2\/posts"}],"about":[{"href":"https:\/\/diarioregionaldigital.com.br\/index.php?rest_route=\/wp\/v2\/types\/post"}],"author":[{"embeddable":true,"href":"https:\/\/diarioregionaldigital.com.br\/index.php?rest_route=\/wp\/v2\/users\/246"}],"replies":[{"embeddable":true,"href":"https:\/\/diarioregionaldigital.com.br\/index.php?rest_route=%2Fwp%2Fv2%2Fcomments&post=202690"}],"version-history":[{"count":1,"href":"https:\/\/diarioregionaldigital.com.br\/index.php?rest_route=\/wp\/v2\/posts\/202690\/revisions"}],"predecessor-version":[{"id":202692,"href":"https:\/\/diarioregionaldigital.com.br\/index.php?rest_route=\/wp\/v2\/posts\/202690\/revisions\/202692"}],"wp:featuredmedia":[{"embeddable":true,"href":"https:\/\/diarioregionaldigital.com.br\/index.php?rest_route=\/wp\/v2\/media\/202691"}],"wp:attachment":[{"href":"https:\/\/diarioregionaldigital.com.br\/index.php?rest_route=%2Fwp%2Fv2%2Fmedia&parent=202690"}],"wp:term":[{"taxonomy":"category","embeddable":true,"href":"https:\/\/diarioregionaldigital.com.br\/index.php?rest_route=%2Fwp%2Fv2%2Fcategories&post=202690"},{"taxonomy":"post_tag","embeddable":true,"href":"https:\/\/diarioregionaldigital.com.br\/index.php?rest_route=%2Fwp%2Fv2%2Ftags&post=202690"}],"curies":[{"name":"wp","href":"https:\/\/api.w.org\/{rel}","templated":true}]}}