{"id":202687,"date":"2022-08-05T20:42:44","date_gmt":"2022-08-05T23:42:44","guid":{"rendered":"https:\/\/diarioregionaldigital.com.br\/?p=202687"},"modified":"2022-08-05T20:42:44","modified_gmt":"2022-08-05T23:42:44","slug":"agosto-multicor-celebra-a-cultura-e-a-diversidade-de-genero-na-cidade","status":"publish","type":"post","link":"https:\/\/diarioregionaldigital.com.br\/?p=202687","title":{"rendered":"Agosto Multicor celebra a cultura e a diversidade de g\u00eanero na cidade"},"content":{"rendered":"<p>Segundo informa\u00e7\u00f5es do site da Prefeitura de Juiz de Fora (PJF), com o objetivo de festejar e defender a diversidade de g\u00eanero, o \u201cAgosto Multicor\u201d, evento organizado pela Prefeitura de Juiz de Fora (PJF) teve in\u00edcio nesta quarta-feira, 3. Mostra fotogr\u00e1fica, debates, performances, exibi\u00e7\u00e3o de filmes, lan\u00e7amento de livro, espet\u00e1culo teatral e feira de artesanato est\u00e3o entre as atra\u00e7\u00f5es que ser\u00e3o realizadas ao longo deste m\u00eas de agosto.<\/p>\n<p>O evento foi inaugurado com a Exposi\u00e7\u00e3o &#8220;JF+Cor&#8221;, um rico acervo de fotografias registrando os eventos LGBTQIAPN+ desde os anos 70 em Juiz de Fora pode ser visto. S\u00e3o retratados personagens marcantes da cidade, como a drag queens Isabelita dos Patins e Salete Campari; Chiquinho Mota, organizador do concurso Miss Gay; e Marco Trajano e Oswaldo Braga, do Movimento Gay de Minas (MGM). A mostra pode ser visitada no Espa\u00e7o Cidade, no Pa\u00e7o Municipal, localizado na\u00a0Rua Halfeld, 955 &#8211; Centro,\u00a0com abertura at\u00e9 o dia 24, de 10h \u00e0s 18h de segunda a sexta-feira e aos s\u00e1bados e domingos de 10h \u00e0s 15h.<\/p>\n<p>A exposi\u00e7\u00e3o retrata, ao longo dos anos, a Parada Gay, Miss Brasil Gay e Rainbow Fest, com fotos onde se pode ver a Avenida Rio Branco tomada por um grande n\u00famero de pessoas e diversas bandeiras com as cores do arco-\u00edris, que simbolizam o movimento LGBTQIAPN+. Na abertura da exposi\u00e7\u00e3o, realizada na quarta-feira, 3, estiveram presentes a prefeita Margarida Salom\u00e3o, que foi recepcionada pela diretora-geral da Funda\u00e7\u00e3o Cultural Alfredo Ferreira Lage (Funalfa), Giane Elisa Sales de Almeida, e pelo secret\u00e1rio de Turismo, Marcelo do Carmo.<\/p>\n<p>A partir deste s\u00e1bado, 6,\u00a0 at\u00e9 o dia 30, haver\u00e1 exibi\u00e7\u00e3o do curta \u201cTransvers\u00f5es\u201d, com rodas de conversa a respeito de sua produ\u00e7\u00e3o. No dia 9, \u00e0s 19h, no Anfiteatro Jo\u00e3o Carri\u00e7o, no Pa\u00e7o Municipal, ter\u00e1 vez a \u201cMostra Difusa\u201d, com a exibi\u00e7\u00e3o dos filmes Regalo N\u2019OVO Bile, In\u00eas e +Empodere-se.<\/p>\n<p>Na quarta-feira, 10, no Teatro Paschoal Carlos Magno, localizado na Rua Gilberto de Alencar, 1 &#8211; Centro, haver\u00e1 a apresenta\u00e7\u00e3o do filme Muito Prazer, seguido de roda de conversa com a autora. J\u00e1 no dia 11, quinta-feira, no Espa\u00e7o Cidade, haver\u00e1 o lan\u00e7amento do livro \u201cDireitos e Transexualidades \u2013 Altera\u00e7\u00e3o de nomes, seus pap\u00e9is e negocia\u00e7\u00f5es\u201d de autoria de Luiza Cotta.<\/p>\n<p>No dia 12 \u00e0s 14h no Anfiteatro Jo\u00e3o Carri\u00e7o, haver\u00e1 \u201cJornada do Patrim\u00f4nio\u201d com Rodolfo Lima, uma oficina para Capacita\u00e7\u00e3o para o Patrim\u00f4nio Hist\u00f3rico. Nos dias 12 e 13, no Parque Halfeld, a diversidade vai estar presente com a Feira de Artesanato com empreendedores LGBTQIAPN+, que funcionar\u00e1 de 10h \u00e0s 18h.<\/p>\n<p>Nos dias 13 e 14, \u00e0s 19h, no Museu Ferrovi\u00e1rio, haver\u00e1 espet\u00e1culo teatral \u201cR\u00e9quien para um rapaz triste\u201d e \u201cCerim\u00f4nia do adeus\u201d com Rodolfo Lima. No dia 14, \u00e0s 19h, no Anfiteatro Jo\u00e3o Carri\u00e7o, ter\u00e1 vez a exibi\u00e7\u00e3o do filme \u201cChica Manicongo\u201d de \u00darsula Scavolini, com performance da cineasta.<\/p>\n","protected":false},"excerpt":{"rendered":"<p>Segundo informa\u00e7\u00f5es do site da Prefeitura de Juiz de Fora (PJF), com o objetivo de festejar e defender a diversidade de g\u00eanero, o \u201cAgosto Multicor\u201d, evento organizado pela Prefeitura de Juiz de Fora (PJF) teve in\u00edcio nesta quarta-feira, 3. Mostra fotogr\u00e1fica, debates, performances, exibi\u00e7\u00e3o de filmes, lan\u00e7amento de livro, espet\u00e1culo teatral e feira de artesanato [&hellip;]<\/p>\n","protected":false},"author":246,"featured_media":202688,"comment_status":"closed","ping_status":"closed","sticky":false,"template":"","format":"standard","meta":{"footnotes":""},"categories":[253,436,439],"tags":[],"class_list":["post-202687","post","type-post","status-publish","format-standard","has-post-thumbnail","hentry","category-cidade","category-destaque-da-semana","category-ultima-hora"],"_links":{"self":[{"href":"https:\/\/diarioregionaldigital.com.br\/index.php?rest_route=\/wp\/v2\/posts\/202687","targetHints":{"allow":["GET"]}}],"collection":[{"href":"https:\/\/diarioregionaldigital.com.br\/index.php?rest_route=\/wp\/v2\/posts"}],"about":[{"href":"https:\/\/diarioregionaldigital.com.br\/index.php?rest_route=\/wp\/v2\/types\/post"}],"author":[{"embeddable":true,"href":"https:\/\/diarioregionaldigital.com.br\/index.php?rest_route=\/wp\/v2\/users\/246"}],"replies":[{"embeddable":true,"href":"https:\/\/diarioregionaldigital.com.br\/index.php?rest_route=%2Fwp%2Fv2%2Fcomments&post=202687"}],"version-history":[{"count":1,"href":"https:\/\/diarioregionaldigital.com.br\/index.php?rest_route=\/wp\/v2\/posts\/202687\/revisions"}],"predecessor-version":[{"id":202689,"href":"https:\/\/diarioregionaldigital.com.br\/index.php?rest_route=\/wp\/v2\/posts\/202687\/revisions\/202689"}],"wp:featuredmedia":[{"embeddable":true,"href":"https:\/\/diarioregionaldigital.com.br\/index.php?rest_route=\/wp\/v2\/media\/202688"}],"wp:attachment":[{"href":"https:\/\/diarioregionaldigital.com.br\/index.php?rest_route=%2Fwp%2Fv2%2Fmedia&parent=202687"}],"wp:term":[{"taxonomy":"category","embeddable":true,"href":"https:\/\/diarioregionaldigital.com.br\/index.php?rest_route=%2Fwp%2Fv2%2Fcategories&post=202687"},{"taxonomy":"post_tag","embeddable":true,"href":"https:\/\/diarioregionaldigital.com.br\/index.php?rest_route=%2Fwp%2Fv2%2Ftags&post=202687"}],"curies":[{"name":"wp","href":"https:\/\/api.w.org\/{rel}","templated":true}]}}