{"id":202681,"date":"2022-08-05T20:39:20","date_gmt":"2022-08-05T23:39:20","guid":{"rendered":"https:\/\/diarioregionaldigital.com.br\/?p=202681"},"modified":"2022-08-05T20:39:20","modified_gmt":"2022-08-05T23:39:20","slug":"pjf-inicia-campanha-de-vacinacao-contra-a-poliomielite-e-multivacinacao-para-atualizacao-vacinal-de-criancas-e-adolescentes-na-segunda-feira-8","status":"publish","type":"post","link":"https:\/\/diarioregionaldigital.com.br\/?p=202681","title":{"rendered":"PJF inicia campanha de Vacina\u00e7\u00e3o Contra a Poliomielite e Multivacina\u00e7\u00e3o para atualiza\u00e7\u00e3o vacinal de crian\u00e7as e adolescentes na segunda-feira, 8"},"content":{"rendered":"<p>Segundo informa\u00e7\u00f5es do site da Prefeitura de Juiz de Fora (PJF), buscando manter a popula\u00e7\u00e3o protegida contra todos os tipos de doen\u00e7as, a Prefeitura de Juiz de Fora (PJF) promove entre 8 de agosto, segunda-feira, e 9 de setembro, a <strong>Campanha Nacional contra a Poliomielite para crian\u00e7as de um ano at\u00e9 quatro anos, 11 meses e 29 dias de idade.<\/strong>\u00a0A vacina\u00e7\u00e3o \u00e9 voltada para todo este p\u00fablico, que recebe a vacina\u00a0<strong>p\u00f3lio oral, a gotinha.<\/strong><\/p>\n<p>&nbsp;<\/p>\n<p>Ao mesmo tempo, com o intuito de\u00a0<strong>atualizar o cart\u00e3o vacinal das crian\u00e7as e dos adolescentes at\u00e9 14 anos, 11 meses e 29 dias, ser\u00e1 realizada multivacina\u00e7\u00e3o<\/strong>\u00a0com a aplica\u00e7\u00e3o de diversos imunizantes.<\/p>\n<p>&nbsp;<\/p>\n<p>Segundo o secret\u00e1rio de sa\u00fade, Ivan Chebli, \u201c\u00e9 importante que os pais e respons\u00e1veis encaminhem as crian\u00e7as e adolescentes para as Unidades B\u00e1sicas de Sa\u00fade que estar\u00e3o de prontid\u00e3o, a partir de segunda-feira, participando desta importante campanha. Precisamos ampliar a cobertura de imunizantes da nossa popula\u00e7\u00e3o. N\u00e3o vamos perder tempo\u201d.<\/p>\n<p>&nbsp;<\/p>\n<p>Os imunizantes ser\u00e3o aplicados em todas as Unidades B\u00e1sicas de Sa\u00fade (UBSs) que realizam a vacina\u00e7\u00e3o de rotina,\u00a0de 8h \u00e0s 10h30 e de 13h \u00e0s 16h, e no Departamento de Sa\u00fade da Mulher, Gestante, Crian\u00e7a e Adolescente (DSMGCA), de 8h \u00e0s 14h.\u00a0<strong>Confira a lista de locais abaixo.<\/strong>\u00a0No dia 20 de Agosto ser\u00e1 realizado o Dia D da Multivacina\u00e7\u00e3o nas UBSs.<\/p>\n<p>&nbsp;<\/p>\n<p>A vacina\u00a0<strong>contra a Covid-19<\/strong>, aplicada nos mesmos locais,<strong>\u00a0pode ser recebida por estes p\u00fablicos conjuntamente com os imunizantes\u00a0<\/strong>sem qualquer tipo de problema.<\/p>\n<p>&nbsp;<\/p>\n<p><strong>Para se vacinar, crian\u00e7as e adolescentes devem estar na presen\u00e7a dos pais ou respons\u00e1veis. \u00c9 necess\u00e1rio apresentar documento de identifica\u00e7\u00e3o com foto, cart\u00e3o SUS ou Certid\u00e3o de Nascimento, al\u00e9m<\/strong>\u00a0<strong>da caderneta de vacina\u00e7\u00e3o, para que seja avaliada tamb\u00e9m a necessidade da aplica\u00e7\u00e3o de outras vacinas.<\/strong><\/p>\n<p>&nbsp;<\/p>\n<p><strong>Poliomielite<\/strong><\/p>\n<p>&nbsp;<\/p>\n<p><strong>Antes de completar um ano de vida, s\u00e3o necess\u00e1rias tr\u00eas doses da vacina contra a poliomielite, aos dois, quatro e seis meses, com a vacina da poliomielite inativada (VIP). Com 15 meses, a crian\u00e7a recebe o primeiro refor\u00e7o com a p\u00f3lio oral e, aos quatro anos, o segundo refor\u00e7o (VOP- gotinha).\u00a0<\/strong><\/p>\n<p>&nbsp;<\/p>\n<p>A poliomielite \u00e9 uma doen\u00e7a contagiosa que, por meio do contato direto com fezes ou com secre\u00e7\u00f5es eliminadas pela boca de pessoas infectadas, pode contaminar crian\u00e7as e adultos. O \u00faltimo caso de Poliomielite foi notificado no pa\u00eds em 1989. O Brasil recebeu o certificado de \u00e1rea livre de circula\u00e7\u00e3o do v\u00edrus selvagem em 1994.<\/p>\n<p>&nbsp;<\/p>\n<p>A meta \u00e9 manter o pa\u00eds livre da poliomielite e empreender esfor\u00e7os para a erradica\u00e7\u00e3o da doen\u00e7a, al\u00e9m de atualizar a situa\u00e7\u00e3o vacinal, proteger a popula\u00e7\u00e3o contra as doen\u00e7as imunopreven\u00edveis e reduzir os bols\u00f5es de n\u00e3o vacinados. Para isso, o objetivo \u00e9 alcan\u00e7ar cobertura vacinal igual ou maior que 95% para a vacina poliomielite na faixa et\u00e1ria de um a menores de 5 anos de idade, al\u00e9m de reduzir o n\u00famero de n\u00e3o vacinados de crian\u00e7as e adolescentes menores de 15 anos de idade e melhorar as coberturas vacinais.<\/p>\n<p>&nbsp;<\/p>\n<p><strong>UBSs que vacinam\u00a0 8h \u00e0s 10h30 e de 13h \u00e0s 16h (quintas, de 8h \u00e0s 10h30 e de 13h \u00e0s 14h30):<\/strong><\/p>\n<p>&nbsp;<\/p>\n<p>1. UBS Santa Cec\u00edlia<\/p>\n<p>2. UBS Industrial<\/p>\n<p>3. UBS Joquei Clube I<\/p>\n<p>4. UBS Joquei Clube 2<\/p>\n<p>5. UBS S\u00e3o Benedito<\/p>\n<p>6. UBS Monte Castelo<\/p>\n<p>7. UBS Dom Bosco<\/p>\n<p>8. UBS Santa Cruz<\/p>\n<p>9. UBS Benfica<\/p>\n<p>10. UBS Barreira do Triunfo<\/p>\n<p>11. UBS Vila Esperan\u00e7a<\/p>\n<p>12. UBS Vale Verde<\/p>\n<p>13. UBS S\u00e3o Pedro<\/p>\n<p>14. UBS Santa Rita<\/p>\n<p>15. UBS Santo Ant\u00f4nio<\/p>\n<p>16. UBS Granjas Beth\u00e2nia<\/p>\n<p>17. UBS Filgueiras<\/p>\n<p>18. UBS Grama<\/p>\n<p>19. UBS S\u00e3o Judas Tadeu<\/p>\n<p>20. Ubs Jardim Esperan\u00e7a<\/p>\n<p>21. UBS Caet\u00e9<\/p>\n<p>22. UBS Vila Ideal<\/p>\n<p>23.\u00a0 UBS Jardim da Lua<\/p>\n<p>24. UBS Santos Dumont<\/p>\n<p>25. UBS Humait\u00e1<\/p>\n<p>26. UBS Marumbi<\/p>\n<p>27. UBS Nossa Senhora das Gra\u00e7as<\/p>\n<p>28. UBS Nossa Senhora de Lourdes<\/p>\n<p>29. UBS Torre\u00f5es<\/p>\n<p>30. UBS Teixeiras<\/p>\n<p>31. UBS Milho Branco<\/p>\n<p>32. UBS Nova Era<\/p>\n<p>33. UBS Progresso<\/p>\n<p>34. UBS Linhares<\/p>\n<p>35. UBS Bandeirantes<\/p>\n<p>36. UBS Santa Luzia<\/p>\n<p>37. UBS Parque Guarani<\/p>\n<p>38. UBS Santa Efig\u00eania<\/p>\n<p>39. UBS Furtado de Menezes<\/p>\n<p>40. UBS Retiro<\/p>\n<p>41. UBS Jardim Natal<\/p>\n<p>42. UBS Alto Graja\u00fa<\/p>\n<p>43. UBS Cruzeiro do Sul<\/p>\n<p>44. UBS Esplanada<\/p>\n<p>45. UBS Vila Olavo Costa<\/p>\n<p>46. UBS S\u00e3o Sebasti\u00e3o<\/p>\n<p>47. UBS Ipiranga<\/p>\n<p>48. UBS Monte Verde<\/p>\n<p>49. UBS Sarandira<\/p>\n<p>50. UBS Centro Sul<\/p>\n<p>&nbsp;<\/p>\n<p><strong>Departamento de Sa\u00fade da Mulher Gestante, Crian\u00e7a e Adolescentes (DSMGCA) &#8211; das 8h \u00e0s 14h:<\/strong><\/p>\n<p>&nbsp;<\/p>\n<p>Rua S\u00e3o Sebasti\u00e3o, 772\/776, Centro<\/p>\n","protected":false},"excerpt":{"rendered":"<p>Segundo informa\u00e7\u00f5es do site da Prefeitura de Juiz de Fora (PJF), buscando manter a popula\u00e7\u00e3o protegida contra todos os tipos de doen\u00e7as, a Prefeitura de Juiz de Fora (PJF) promove entre 8 de agosto, segunda-feira, e 9 de setembro, a Campanha Nacional contra a Poliomielite para crian\u00e7as de um ano at\u00e9 quatro anos, 11 meses [&hellip;]<\/p>\n","protected":false},"author":246,"featured_media":202682,"comment_status":"closed","ping_status":"closed","sticky":false,"template":"","format":"standard","meta":{"footnotes":""},"categories":[253,436,440,439],"tags":[],"class_list":["post-202681","post","type-post","status-publish","format-standard","has-post-thumbnail","hentry","category-cidade","category-destaque-da-semana","category-destaques-do-dia","category-ultima-hora"],"_links":{"self":[{"href":"https:\/\/diarioregionaldigital.com.br\/index.php?rest_route=\/wp\/v2\/posts\/202681","targetHints":{"allow":["GET"]}}],"collection":[{"href":"https:\/\/diarioregionaldigital.com.br\/index.php?rest_route=\/wp\/v2\/posts"}],"about":[{"href":"https:\/\/diarioregionaldigital.com.br\/index.php?rest_route=\/wp\/v2\/types\/post"}],"author":[{"embeddable":true,"href":"https:\/\/diarioregionaldigital.com.br\/index.php?rest_route=\/wp\/v2\/users\/246"}],"replies":[{"embeddable":true,"href":"https:\/\/diarioregionaldigital.com.br\/index.php?rest_route=%2Fwp%2Fv2%2Fcomments&post=202681"}],"version-history":[{"count":1,"href":"https:\/\/diarioregionaldigital.com.br\/index.php?rest_route=\/wp\/v2\/posts\/202681\/revisions"}],"predecessor-version":[{"id":202683,"href":"https:\/\/diarioregionaldigital.com.br\/index.php?rest_route=\/wp\/v2\/posts\/202681\/revisions\/202683"}],"wp:featuredmedia":[{"embeddable":true,"href":"https:\/\/diarioregionaldigital.com.br\/index.php?rest_route=\/wp\/v2\/media\/202682"}],"wp:attachment":[{"href":"https:\/\/diarioregionaldigital.com.br\/index.php?rest_route=%2Fwp%2Fv2%2Fmedia&parent=202681"}],"wp:term":[{"taxonomy":"category","embeddable":true,"href":"https:\/\/diarioregionaldigital.com.br\/index.php?rest_route=%2Fwp%2Fv2%2Fcategories&post=202681"},{"taxonomy":"post_tag","embeddable":true,"href":"https:\/\/diarioregionaldigital.com.br\/index.php?rest_route=%2Fwp%2Fv2%2Ftags&post=202681"}],"curies":[{"name":"wp","href":"https:\/\/api.w.org\/{rel}","templated":true}]}}