{"id":202678,"date":"2022-08-05T20:28:54","date_gmt":"2022-08-05T23:28:54","guid":{"rendered":"https:\/\/diarioregionaldigital.com.br\/?p=202678"},"modified":"2022-08-05T20:28:54","modified_gmt":"2022-08-05T23:28:54","slug":"com-a-presenca-de-zico-no-mundo-da-bola-chega-a-edicao-500","status":"publish","type":"post","link":"https:\/\/diarioregionaldigital.com.br\/?p=202678","title":{"rendered":"Com a presen\u00e7a de Zico, No Mundo da Bola chega \u00e0 edi\u00e7\u00e3o 500"},"content":{"rendered":"<p>O programa no\u00a0<a href=\"https:\/\/tvbrasil.ebc.com.br\/nomundodabola\"><strong>Mundo da Bola<\/strong><\/a>\u00a0chega \u00e0 edi\u00e7\u00e3o de n\u00famero 500 no pr\u00f3ximo domingo (7) e quem \u00e9 presenteado \u00e9 o p\u00fablico. Para celebrar esta marca t\u00e3o significativa, a mesa redonda receber\u00e1 os irm\u00e3os Coimbra, Zico e Edu, que fizeram hist\u00f3ria no futebol brasileiro, destacadamente no Rio de Janeiro, e Zenon, que brilhou em clubes paulistas.<img decoding=\"async\" src=\"https:\/\/agenciabrasil.ebc.com.br\/ebc.png?id=1474663&amp;o=node\" \/><img decoding=\"async\" src=\"https:\/\/agenciabrasil.ebc.com.br\/ebc.gif?id=1474663&amp;o=node\" \/><\/p>\n<p>Zico \u00e9 o maior \u00eddolo do Flamengo, equipe na qual vestiu a camisa 10 e pela qual conquistou quatro t\u00edtulos brasileiros, uma edi\u00e7\u00e3o da Copa Libertadores e um Mundial Interclubes. Al\u00e9m disso, \u00e9 o maior artilheiro da hist\u00f3ria do Maracan\u00e3, com 334 gols marcados no est\u00e1dio.<\/p>\n<p>J\u00e1 Edu brilhou com a camisa do Am\u00e9rica, equipe na qual det\u00e9m o posto de maior artilheiro da hist\u00f3ria. J\u00e1 pela sele\u00e7\u00e3o, onde brilhou nos anos 1970, conquistou a Copa Rio Branco em 1967. Fora das quatro linhas, ele comandou a equipe canarinho em tr\u00eas amistosos, no ano de 1984.<\/p>\n<p>O terceiro convidado \u00e9 Zenon, que se destacou ajudando o Guarani a conquistar o Brasileiro de 1978. Depois ele seguiu para o Corinthians, conquistando um Bi do Campeonato Paulista. Zenon foi convocado algumas vezes para a sele\u00e7\u00e3o brasileira e tamb\u00e9m foi bicampe\u00e3o mineiro, defendendo o Atl\u00e9tico-MG.<\/p>\n<p>O\u00a0<strong>No Mundo da Bola<\/strong>, que \u00e9 apresentado por Sergio Du Bocage e que conta com coment\u00e1rios de M\u00e1rcio Guedes, vai ao ar todo domingo, a partir das 21h (hor\u00e1rio de Bras\u00edlia), na\u00a0<a href=\"https:\/\/tvbrasil.ebc.com.br\/comosintonizar\">TV Brasil<\/a>.<\/p>\n<p><span style=\"font-weight: 400;\"><br \/>\n<\/span><span style=\"font-weight: 400;\">Fonte: Ag\u00eancia Brasil <\/span><\/p>\n","protected":false},"excerpt":{"rendered":"<p>O programa no\u00a0Mundo da Bola\u00a0chega \u00e0 edi\u00e7\u00e3o de n\u00famero 500 no pr\u00f3ximo domingo (7) e quem \u00e9 presenteado \u00e9 o p\u00fablico. Para celebrar esta marca t\u00e3o significativa, a mesa redonda receber\u00e1 os irm\u00e3os Coimbra, Zico e Edu, que fizeram hist\u00f3ria no futebol brasileiro, destacadamente no Rio de Janeiro, e Zenon, que brilhou em clubes paulistas. [&hellip;]<\/p>\n","protected":false},"author":246,"featured_media":202679,"comment_status":"closed","ping_status":"closed","sticky":false,"template":"","format":"standard","meta":{"footnotes":""},"categories":[436,257,439],"tags":[],"class_list":["post-202678","post","type-post","status-publish","format-standard","has-post-thumbnail","hentry","category-destaque-da-semana","category-esporte","category-ultima-hora"],"_links":{"self":[{"href":"https:\/\/diarioregionaldigital.com.br\/index.php?rest_route=\/wp\/v2\/posts\/202678","targetHints":{"allow":["GET"]}}],"collection":[{"href":"https:\/\/diarioregionaldigital.com.br\/index.php?rest_route=\/wp\/v2\/posts"}],"about":[{"href":"https:\/\/diarioregionaldigital.com.br\/index.php?rest_route=\/wp\/v2\/types\/post"}],"author":[{"embeddable":true,"href":"https:\/\/diarioregionaldigital.com.br\/index.php?rest_route=\/wp\/v2\/users\/246"}],"replies":[{"embeddable":true,"href":"https:\/\/diarioregionaldigital.com.br\/index.php?rest_route=%2Fwp%2Fv2%2Fcomments&post=202678"}],"version-history":[{"count":1,"href":"https:\/\/diarioregionaldigital.com.br\/index.php?rest_route=\/wp\/v2\/posts\/202678\/revisions"}],"predecessor-version":[{"id":202680,"href":"https:\/\/diarioregionaldigital.com.br\/index.php?rest_route=\/wp\/v2\/posts\/202678\/revisions\/202680"}],"wp:featuredmedia":[{"embeddable":true,"href":"https:\/\/diarioregionaldigital.com.br\/index.php?rest_route=\/wp\/v2\/media\/202679"}],"wp:attachment":[{"href":"https:\/\/diarioregionaldigital.com.br\/index.php?rest_route=%2Fwp%2Fv2%2Fmedia&parent=202678"}],"wp:term":[{"taxonomy":"category","embeddable":true,"href":"https:\/\/diarioregionaldigital.com.br\/index.php?rest_route=%2Fwp%2Fv2%2Fcategories&post=202678"},{"taxonomy":"post_tag","embeddable":true,"href":"https:\/\/diarioregionaldigital.com.br\/index.php?rest_route=%2Fwp%2Fv2%2Ftags&post=202678"}],"curies":[{"name":"wp","href":"https:\/\/api.w.org\/{rel}","templated":true}]}}