{"id":202672,"date":"2022-08-05T20:24:52","date_gmt":"2022-08-05T23:24:52","guid":{"rendered":"https:\/\/diarioregionaldigital.com.br\/?p=202672"},"modified":"2022-08-05T20:24:52","modified_gmt":"2022-08-05T23:24:52","slug":"isaquias-se-classifica-para-2a-final-no-mundial-de-canoagem-no-canada","status":"publish","type":"post","link":"https:\/\/diarioregionaldigital.com.br\/?p=202672","title":{"rendered":"Isaquias se classifica para 2\u00aa final no Mundial de Canoagem no Canad\u00e1"},"content":{"rendered":"<p>Campe\u00e3o ol\u00edmpico nos Jogos de T\u00f3quio, o brasileiro Isaquias Queiroz se classificou nesta sexta-feira (5) para mais uma final no Mundial de Canoagem, em Halifax (Canad\u00e1). \u00a0O baiano venceu a semi da categoria C1 1000 metros, em 4min09s37, e assegurou presen\u00e7a na decis\u00e3o por medalha no domingo (7), \u00e0s 11h24 (hor\u00e1rio de Bras\u00edlia). \u00a0Antes, no s\u00e1bado (6), o cano\u00edsta busca o p\u00f3dio na decis\u00e3o individual, categoria C1 500m, para a qual j\u00e1 se classificara na \u00faltima quarta (3).<img decoding=\"async\" src=\"https:\/\/agenciabrasil.ebc.com.br\/ebc.png?id=1474873&amp;o=node\" \/><img decoding=\"async\" src=\"https:\/\/agenciabrasil.ebc.com.br\/ebc.gif?id=1474873&amp;o=node\" \/><\/p>\n<p>Quem tamb\u00e9m vai brigar por medalha na competi\u00e7\u00e3o ser\u00e1 a dupla Erlon Silva\u00a0e Filipe Vieira, que venceu hoje a semi do C2 1000m, com o tempo de 3min55s. Erlon e Filipe v\u00e3o em busca do p\u00f3dio no domingo (7), \u00e0s 12h21.<\/p>\n<p>Principal nome da canoagem brasileira, Isaquias quer ampliar ainda mais sua cole\u00e7\u00e3o de medalhas em mundiais: j\u00e1 possui seis ouros e seis bronzes. \u00a0O baiano soma ainda um ouro, duas pratas e um bronze ol\u00edmpicos (Rio 2016 e T\u00f3quio 2020).<\/p>\n<p><span style=\"font-weight: 400;\">Fonte: Ag\u00eancia Brasil <\/span><\/p>\n","protected":false},"excerpt":{"rendered":"<p>Campe\u00e3o ol\u00edmpico nos Jogos de T\u00f3quio, o brasileiro Isaquias Queiroz se classificou nesta sexta-feira (5) para mais uma final no Mundial de Canoagem, em Halifax (Canad\u00e1). \u00a0O baiano venceu a semi da categoria C1 1000 metros, em 4min09s37, e assegurou presen\u00e7a na decis\u00e3o por medalha no domingo (7), \u00e0s 11h24 (hor\u00e1rio de Bras\u00edlia). \u00a0Antes, no [&hellip;]<\/p>\n","protected":false},"author":246,"featured_media":202673,"comment_status":"closed","ping_status":"closed","sticky":false,"template":"","format":"standard","meta":{"footnotes":""},"categories":[436,257,439],"tags":[],"class_list":["post-202672","post","type-post","status-publish","format-standard","has-post-thumbnail","hentry","category-destaque-da-semana","category-esporte","category-ultima-hora"],"_links":{"self":[{"href":"https:\/\/diarioregionaldigital.com.br\/index.php?rest_route=\/wp\/v2\/posts\/202672","targetHints":{"allow":["GET"]}}],"collection":[{"href":"https:\/\/diarioregionaldigital.com.br\/index.php?rest_route=\/wp\/v2\/posts"}],"about":[{"href":"https:\/\/diarioregionaldigital.com.br\/index.php?rest_route=\/wp\/v2\/types\/post"}],"author":[{"embeddable":true,"href":"https:\/\/diarioregionaldigital.com.br\/index.php?rest_route=\/wp\/v2\/users\/246"}],"replies":[{"embeddable":true,"href":"https:\/\/diarioregionaldigital.com.br\/index.php?rest_route=%2Fwp%2Fv2%2Fcomments&post=202672"}],"version-history":[{"count":1,"href":"https:\/\/diarioregionaldigital.com.br\/index.php?rest_route=\/wp\/v2\/posts\/202672\/revisions"}],"predecessor-version":[{"id":202674,"href":"https:\/\/diarioregionaldigital.com.br\/index.php?rest_route=\/wp\/v2\/posts\/202672\/revisions\/202674"}],"wp:featuredmedia":[{"embeddable":true,"href":"https:\/\/diarioregionaldigital.com.br\/index.php?rest_route=\/wp\/v2\/media\/202673"}],"wp:attachment":[{"href":"https:\/\/diarioregionaldigital.com.br\/index.php?rest_route=%2Fwp%2Fv2%2Fmedia&parent=202672"}],"wp:term":[{"taxonomy":"category","embeddable":true,"href":"https:\/\/diarioregionaldigital.com.br\/index.php?rest_route=%2Fwp%2Fv2%2Fcategories&post=202672"},{"taxonomy":"post_tag","embeddable":true,"href":"https:\/\/diarioregionaldigital.com.br\/index.php?rest_route=%2Fwp%2Fv2%2Ftags&post=202672"}],"curies":[{"name":"wp","href":"https:\/\/api.w.org\/{rel}","templated":true}]}}