{"id":202669,"date":"2022-08-05T20:23:15","date_gmt":"2022-08-05T23:23:15","guid":{"rendered":"https:\/\/diarioregionaldigital.com.br\/?p=202669"},"modified":"2022-08-05T20:23:15","modified_gmt":"2022-08-05T23:23:15","slug":"hugo-calderano-chega-a-final-de-etapa-do-circuito-mundial","status":"publish","type":"post","link":"https:\/\/diarioregionaldigital.com.br\/?p=202669","title":{"rendered":"Hugo Calderano chega \u00e0 final de etapa do circuito mundial"},"content":{"rendered":"<p>O brasileiro Hugo Calderano garantiu a classifica\u00e7\u00e3o para a decis\u00e3o do WTT Contender T\u00fanis (Tun\u00edsia), etapa do circuito internacional, ap\u00f3s derrotar o sul-coreano Jang Woojin por 4 sets a 0 (parciais de 11\/6, 11\/9, 11\/9, 12\/10) nesta sexta-feira (5).<img decoding=\"async\" src=\"https:\/\/agenciabrasil.ebc.com.br\/ebc.png?id=1474881&amp;o=node\" \/><img decoding=\"async\" src=\"https:\/\/agenciabrasil.ebc.com.br\/ebc.gif?id=1474881&amp;o=node\" \/><\/p>\n<p>O advers\u00e1rio do carioca de 26 anos na grande decis\u00e3o \u00e9 o franc\u00eas Alexis Lebrun. O confronto est\u00e1 marcado para as 9h40 (hor\u00e1rio de Bras\u00edlia) deste s\u00e1bado (6).<\/p>\n<p>Esta \u00e9 a sexta oportunidade na qual Calderano disputa uma final de etapa do circuito internacional, ap\u00f3s a conquista do Aberto do Brasil em 2013 e em 2017 e do WTT Star Contender Doha em 2021 e dos vice-campeonatos dos Abertos do Qatar (2018) e da \u00c1ustria (2016).<\/p>\n<p><span style=\"font-weight: 400;\"><br \/>\n<\/span><span style=\"font-weight: 400;\">Fonte: Ag\u00eancia Brasil <\/span><\/p>\n","protected":false},"excerpt":{"rendered":"<p>O brasileiro Hugo Calderano garantiu a classifica\u00e7\u00e3o para a decis\u00e3o do WTT Contender T\u00fanis (Tun\u00edsia), etapa do circuito internacional, ap\u00f3s derrotar o sul-coreano Jang Woojin por 4 sets a 0 (parciais de 11\/6, 11\/9, 11\/9, 12\/10) nesta sexta-feira (5). O advers\u00e1rio do carioca de 26 anos na grande decis\u00e3o \u00e9 o franc\u00eas Alexis Lebrun. O [&hellip;]<\/p>\n","protected":false},"author":246,"featured_media":202670,"comment_status":"closed","ping_status":"closed","sticky":false,"template":"","format":"standard","meta":{"footnotes":""},"categories":[436,440,257,439],"tags":[],"class_list":["post-202669","post","type-post","status-publish","format-standard","has-post-thumbnail","hentry","category-destaque-da-semana","category-destaques-do-dia","category-esporte","category-ultima-hora"],"_links":{"self":[{"href":"https:\/\/diarioregionaldigital.com.br\/index.php?rest_route=\/wp\/v2\/posts\/202669","targetHints":{"allow":["GET"]}}],"collection":[{"href":"https:\/\/diarioregionaldigital.com.br\/index.php?rest_route=\/wp\/v2\/posts"}],"about":[{"href":"https:\/\/diarioregionaldigital.com.br\/index.php?rest_route=\/wp\/v2\/types\/post"}],"author":[{"embeddable":true,"href":"https:\/\/diarioregionaldigital.com.br\/index.php?rest_route=\/wp\/v2\/users\/246"}],"replies":[{"embeddable":true,"href":"https:\/\/diarioregionaldigital.com.br\/index.php?rest_route=%2Fwp%2Fv2%2Fcomments&post=202669"}],"version-history":[{"count":1,"href":"https:\/\/diarioregionaldigital.com.br\/index.php?rest_route=\/wp\/v2\/posts\/202669\/revisions"}],"predecessor-version":[{"id":202671,"href":"https:\/\/diarioregionaldigital.com.br\/index.php?rest_route=\/wp\/v2\/posts\/202669\/revisions\/202671"}],"wp:featuredmedia":[{"embeddable":true,"href":"https:\/\/diarioregionaldigital.com.br\/index.php?rest_route=\/wp\/v2\/media\/202670"}],"wp:attachment":[{"href":"https:\/\/diarioregionaldigital.com.br\/index.php?rest_route=%2Fwp%2Fv2%2Fmedia&parent=202669"}],"wp:term":[{"taxonomy":"category","embeddable":true,"href":"https:\/\/diarioregionaldigital.com.br\/index.php?rest_route=%2Fwp%2Fv2%2Fcategories&post=202669"},{"taxonomy":"post_tag","embeddable":true,"href":"https:\/\/diarioregionaldigital.com.br\/index.php?rest_route=%2Fwp%2Fv2%2Ftags&post=202669"}],"curies":[{"name":"wp","href":"https:\/\/api.w.org\/{rel}","templated":true}]}}