{"id":202666,"date":"2022-08-05T20:12:50","date_gmt":"2022-08-05T23:12:50","guid":{"rendered":"https:\/\/diarioregionaldigital.com.br\/?p=202666"},"modified":"2022-08-05T20:12:50","modified_gmt":"2022-08-05T23:12:50","slug":"presidente-promove-oficiais-das-forcas-armadas-em-cerimonia","status":"publish","type":"post","link":"https:\/\/diarioregionaldigital.com.br\/?p=202666","title":{"rendered":"Presidente promove oficiais das For\u00e7as Armadas em cerim\u00f4nia"},"content":{"rendered":"<p>O presidente Jair Bolsonaro participou na tarde desta quinta-feira (4), no Pal\u00e1cio do Planalto, em Bras\u00edlia, da cerim\u00f4nia de promo\u00e7\u00e3o de oficiais-generais das For\u00e7as Armadas. Ao todo, foram promovidos 23 oficiais da Marinha, do Ex\u00e9rcito e da Aeron\u00e1utica.<img decoding=\"async\" src=\"https:\/\/agenciabrasil.ebc.com.br\/ebc.png?id=1474678&amp;o=node\" \/><img decoding=\"async\" src=\"https:\/\/agenciabrasil.ebc.com.br\/ebc.gif?id=1474678&amp;o=node\" \/><\/p>\n<p>Da Marinha, foram promovidos a vice-almirante os contra-almirantes Celso Mizutani Koga, Artur Olavo Ferreira e Thadeu Orosco Coelho Lobo. J\u00e1 para o posto\u00a0de contra-almirante, foram promovidos os capit\u00e3es de mar e guerra S\u00e9rgio Luis de Carvalho, Alexandre Itiro Villela Assano e Alexandre Taumaturgo Pavoni.<\/p>\n<p>Do Ex\u00e9rcito, o general de divis\u00e3o Ricardo Augusto Ferreira Costa Neves tornou-se general de Ex\u00e9rcito. Em seguida, foram promovidos a generais de divis\u00e3o\u00a0os generais de brigada: Carlos Feitosa Rodrigues, Ricardo Jos\u00e9 Nigri, Marcio de Souza Nunes Ribeiro e Julio Cesar Pal\u00fa Baltieri. Tamb\u00e9m receberam promo\u00e7\u00e3o a generais de brigada os coron\u00e9is: Alessandro da Silva, Emerson Janu\u00e1rio, Ricardo Santos Taranto, Marcelo Yoshida, Marco Aur\u00e9lio Baldassari, Paulo Edson Santa Barba, Jurt Everton Werberich e Fl\u00e1vio Moreira Matias.<\/p>\n<p>J\u00e1 pela Aeron\u00e1utica, receberam promo\u00e7\u00e3o a brigadeiro do ar os coron\u00e9is: Steven Meier, Jos\u00e9 Henrique Kaipper, \u00c9ric C\u00e9zzane C\u00f3len Guedes e Frederico Casarino.<\/p>\n<p>Em breve pronunciamento ap\u00f3s os cumprimentos, Bolsonaro desejou sorte aos oficiais promovidos. &#8220;Com a renova\u00e7\u00e3o, a certeza que os senhores, que ocupam novos cargos a partir de agora, o nosso pa\u00eds est\u00e1 em boas m\u00e3os&#8221;.<\/p>\n<p>O presidente estava acompanhado pela primeira-dama Michelle Bolsonaro, pelo ministro da Defesa Paulo S\u00e9rgio Nogueira, o ministro-chefe da Casa Civil, Ciro Nogueira e o ministro-chefe do Gabinete de Seguran\u00e7a Institucional, Augusto Heleno.<\/p>\n<p><span style=\"font-weight: 400;\"><br \/>\n<\/span><span style=\"font-weight: 400;\">Fonte: Ag\u00eancia Brasil <\/span><\/p>\n","protected":false},"excerpt":{"rendered":"<p>O presidente Jair Bolsonaro participou na tarde desta quinta-feira (4), no Pal\u00e1cio do Planalto, em Bras\u00edlia, da cerim\u00f4nia de promo\u00e7\u00e3o de oficiais-generais das For\u00e7as Armadas. Ao todo, foram promovidos 23 oficiais da Marinha, do Ex\u00e9rcito e da Aeron\u00e1utica. Da Marinha, foram promovidos a vice-almirante os contra-almirantes Celso Mizutani Koga, Artur Olavo Ferreira e Thadeu Orosco [&hellip;]<\/p>\n","protected":false},"author":246,"featured_media":202667,"comment_status":"closed","ping_status":"closed","sticky":false,"template":"","format":"standard","meta":{"footnotes":""},"categories":[436,254,439],"tags":[],"class_list":["post-202666","post","type-post","status-publish","format-standard","has-post-thumbnail","hentry","category-destaque-da-semana","category-politica","category-ultima-hora"],"_links":{"self":[{"href":"https:\/\/diarioregionaldigital.com.br\/index.php?rest_route=\/wp\/v2\/posts\/202666","targetHints":{"allow":["GET"]}}],"collection":[{"href":"https:\/\/diarioregionaldigital.com.br\/index.php?rest_route=\/wp\/v2\/posts"}],"about":[{"href":"https:\/\/diarioregionaldigital.com.br\/index.php?rest_route=\/wp\/v2\/types\/post"}],"author":[{"embeddable":true,"href":"https:\/\/diarioregionaldigital.com.br\/index.php?rest_route=\/wp\/v2\/users\/246"}],"replies":[{"embeddable":true,"href":"https:\/\/diarioregionaldigital.com.br\/index.php?rest_route=%2Fwp%2Fv2%2Fcomments&post=202666"}],"version-history":[{"count":1,"href":"https:\/\/diarioregionaldigital.com.br\/index.php?rest_route=\/wp\/v2\/posts\/202666\/revisions"}],"predecessor-version":[{"id":202668,"href":"https:\/\/diarioregionaldigital.com.br\/index.php?rest_route=\/wp\/v2\/posts\/202666\/revisions\/202668"}],"wp:featuredmedia":[{"embeddable":true,"href":"https:\/\/diarioregionaldigital.com.br\/index.php?rest_route=\/wp\/v2\/media\/202667"}],"wp:attachment":[{"href":"https:\/\/diarioregionaldigital.com.br\/index.php?rest_route=%2Fwp%2Fv2%2Fmedia&parent=202666"}],"wp:term":[{"taxonomy":"category","embeddable":true,"href":"https:\/\/diarioregionaldigital.com.br\/index.php?rest_route=%2Fwp%2Fv2%2Fcategories&post=202666"},{"taxonomy":"post_tag","embeddable":true,"href":"https:\/\/diarioregionaldigital.com.br\/index.php?rest_route=%2Fwp%2Fv2%2Ftags&post=202666"}],"curies":[{"name":"wp","href":"https:\/\/api.w.org\/{rel}","templated":true}]}}