{"id":202663,"date":"2022-08-05T20:09:37","date_gmt":"2022-08-05T23:09:37","guid":{"rendered":"https:\/\/diarioregionaldigital.com.br\/?p=202663"},"modified":"2022-08-05T20:09:37","modified_gmt":"2022-08-05T23:09:37","slug":"pdt-escolhe-ana-paula-matos-para-ser-vice-em-chapa-de-ciro-gomes","status":"publish","type":"post","link":"https:\/\/diarioregionaldigital.com.br\/?p=202663","title":{"rendered":"PDT escolhe Ana Paula Matos para ser vice em chapa de Ciro Gomes"},"content":{"rendered":"<p>O PDT escolheu\u00a0<span id=\"OBJ_PREFIX_DWT2742_com_zimbra_date\" role=\"link\"><span id=\"OBJ_PREFIX_DWT2745_com_zimbra_date\" role=\"link\">hoje<\/span><\/span>\u00a0(5) a vice-prefeita de Salvador, Ana Paula Matos, como candidata a vice-presidente na chapa de\u00a0<a href=\"https:\/\/agenciabrasil.ebc.com.br\/politica\/noticia\/2022-07\/pdt-lanca-candidatura-de-ciro-gomes-presidencia-da-republica\" target=\"_blank\" rel=\"noopener\">Ciro Gomes<\/a>\u00a0nas elei\u00e7\u00f5es deste ano. Com isso, foi formada uma chapa &#8220;puro sangue&#8221;, quando h\u00e1 somente integrantes do pr\u00f3prio partido na disputa.<img decoding=\"async\" src=\"https:\/\/agenciabrasil.ebc.com.br\/ebc.png?id=1474813&amp;o=node\" \/><img decoding=\"async\" src=\"https:\/\/agenciabrasil.ebc.com.br\/ebc.gif?id=1474813&amp;o=node\" \/><\/p>\n<p>Em nota, o partido disse que Ana Paula possui experi\u00eancia na gest\u00e3o p\u00fablica e \u201ccontribuir\u00e1 com a coordena\u00e7\u00e3o do plano de governo\u201d. A sigla acrescentou que ela \u201c<span id=\"OBJ_PREFIX_DWT2743_com_zimbra_date\" role=\"link\"><span id=\"OBJ_PREFIX_DWT2746_com_zimbra_date\" role=\"link\">ter<\/span><\/span>\u00e1 papel fundamental&#8221; na defesa do Projeto Nacional de Desenvolvimento do partido. Em entrevista coletiva ap\u00f3s a decis\u00e3o, Ana Paula disse que ter\u00e1 como miss\u00e3o representar &#8220;o povo negro e as mulheres&#8221;. &#8220;Minha maior contribui\u00e7\u00e3o \u00e9 pensar uma nova matriz de desenvolvimento econ\u00f4mico, com mais equidade e, sobretudo, defender as mulheres&#8221;, acrescentou a candidata \u00e0 Vice-Presid\u00eancia.<\/p>\n<p>A escolha do nome de Ana Paula ocorreu em reuni\u00e3o da Executiva Nacional do PDT realizada na manh\u00e3 desta\u00a0<span id=\"OBJ_PREFIX_DWT2744_com_zimbra_date\" role=\"link\"><span id=\"OBJ_PREFIX_DWT2747_com_zimbra_date\" role=\"link\">sexta<\/span><\/span>-feira (5),\u00a0<a href=\"https:\/\/agenciabrasil.ebc.com.br\/politica\/noticia\/2022-08\/prazo-para-convencoes-partidarias-acaba-hoje\" target=\"_blank\" rel=\"noopener\">\u00faltimo dia do calend\u00e1rio eleitoral<\/a>\u00a0para a defini\u00e7\u00e3o de chapas pelos partidos. A candidata a vice-presidente superou outras mulheres que tamb\u00e9m eram cotadas para formar uma chapa pura com Ciro.<\/p>\n<h2>Perfil<\/h2>\n<p>Ana Paula, 44 anos, nascida em Salvador, tem atua\u00e7\u00e3o forte na \u00e1rea social e de combate \u00e0 pobreza, compreendendo a import\u00e2ncia da luta para acabar com a mis\u00e9ria no Brasil. Negra, tem lutado contra o racismo e defendido pol\u00edticas afirmativas. Se eleita, ser\u00e1 a primeira mulher negra a ocupar o cargo no Brasil. Ela \u00e9 pr\u00f3xima do ex-prefeito de Salvador ACM Neto (Uni\u00e3o Brasil), de quem foi secret\u00e1ria municipal. No pleito de 2020, elegeu-se vice-prefeita de Salvador na chapa encabe\u00e7ada por Bruno Reis (Uni\u00e3o Brasil).<\/p>\n<p>Advogada, professora, p\u00f3s-graduada em finan\u00e7as e com mestrado em administra\u00e7\u00e3o, Ana Paula, \u00e9 servidora concursada da Petrobras. Iniciou a trajet\u00f3ria na gest\u00e3o municipal como diretora-geral de Educa\u00e7\u00e3o, em 2013. Na sequ\u00eancia, a candidata a vice-presidente foi chefe de gabinete da vice-prefeitura, presidente do instituto de previd\u00eancia municipal, secret\u00e1ria das Prefeituras-Bairro, secret\u00e1ria de Promo\u00e7\u00e3o Social e combate \u00e0 pobreza, e secret\u00e1ria de Governo de Salvador. Em 2015, foi convidada para assumir a subsecretaria Municipal de Promo\u00e7\u00e3o Social, Esporte e Combate \u00e0 Pobreza, pasta que tinha como titular o atual prefeito de Salvador Bruno Reis.<\/p>\n<p><span style=\"font-weight: 400;\">Fonte: Ag\u00eancia Brasil <\/span><\/p>\n","protected":false},"excerpt":{"rendered":"<p>O PDT escolheu\u00a0hoje\u00a0(5) a vice-prefeita de Salvador, Ana Paula Matos, como candidata a vice-presidente na chapa de\u00a0Ciro Gomes\u00a0nas elei\u00e7\u00f5es deste ano. Com isso, foi formada uma chapa &#8220;puro sangue&#8221;, quando h\u00e1 somente integrantes do pr\u00f3prio partido na disputa. Em nota, o partido disse que Ana Paula possui experi\u00eancia na gest\u00e3o p\u00fablica e \u201ccontribuir\u00e1 com a [&hellip;]<\/p>\n","protected":false},"author":246,"featured_media":202664,"comment_status":"closed","ping_status":"closed","sticky":false,"template":"","format":"standard","meta":{"footnotes":""},"categories":[436,254,439],"tags":[],"class_list":["post-202663","post","type-post","status-publish","format-standard","has-post-thumbnail","hentry","category-destaque-da-semana","category-politica","category-ultima-hora"],"_links":{"self":[{"href":"https:\/\/diarioregionaldigital.com.br\/index.php?rest_route=\/wp\/v2\/posts\/202663","targetHints":{"allow":["GET"]}}],"collection":[{"href":"https:\/\/diarioregionaldigital.com.br\/index.php?rest_route=\/wp\/v2\/posts"}],"about":[{"href":"https:\/\/diarioregionaldigital.com.br\/index.php?rest_route=\/wp\/v2\/types\/post"}],"author":[{"embeddable":true,"href":"https:\/\/diarioregionaldigital.com.br\/index.php?rest_route=\/wp\/v2\/users\/246"}],"replies":[{"embeddable":true,"href":"https:\/\/diarioregionaldigital.com.br\/index.php?rest_route=%2Fwp%2Fv2%2Fcomments&post=202663"}],"version-history":[{"count":1,"href":"https:\/\/diarioregionaldigital.com.br\/index.php?rest_route=\/wp\/v2\/posts\/202663\/revisions"}],"predecessor-version":[{"id":202665,"href":"https:\/\/diarioregionaldigital.com.br\/index.php?rest_route=\/wp\/v2\/posts\/202663\/revisions\/202665"}],"wp:featuredmedia":[{"embeddable":true,"href":"https:\/\/diarioregionaldigital.com.br\/index.php?rest_route=\/wp\/v2\/media\/202664"}],"wp:attachment":[{"href":"https:\/\/diarioregionaldigital.com.br\/index.php?rest_route=%2Fwp%2Fv2%2Fmedia&parent=202663"}],"wp:term":[{"taxonomy":"category","embeddable":true,"href":"https:\/\/diarioregionaldigital.com.br\/index.php?rest_route=%2Fwp%2Fv2%2Fcategories&post=202663"},{"taxonomy":"post_tag","embeddable":true,"href":"https:\/\/diarioregionaldigital.com.br\/index.php?rest_route=%2Fwp%2Fv2%2Ftags&post=202663"}],"curies":[{"name":"wp","href":"https:\/\/api.w.org\/{rel}","templated":true}]}}