{"id":202657,"date":"2022-08-05T20:05:56","date_gmt":"2022-08-05T23:05:56","guid":{"rendered":"https:\/\/diarioregionaldigital.com.br\/?p=202657"},"modified":"2022-08-05T20:05:56","modified_gmt":"2022-08-05T23:05:56","slug":"pl-entra-com-sete-representacoes-no-tse-contra-o-pt","status":"publish","type":"post","link":"https:\/\/diarioregionaldigital.com.br\/?p=202657","title":{"rendered":"PL entra com sete representa\u00e7\u00f5es no TSE contra o PT"},"content":{"rendered":"<p>O Partido Liberal (PL) entrou com sete representa\u00e7\u00f5es no Tribunal Superior Eleitoral (TSE) contra o Partido dos Trabalhadores (PT) e o candidato \u00e0 presid\u00eancia da Rep\u00fablica Luiz In\u00e1cio Lula da Silva. O PL \u00e9 o partido do candidato \u00e0 reelei\u00e7\u00e3o Jair Bolsonaro.<img decoding=\"async\" src=\"https:\/\/agenciabrasil.ebc.com.br\/ebc.png?id=1474906&amp;o=node\" \/><img decoding=\"async\" src=\"https:\/\/agenciabrasil.ebc.com.br\/ebc.gif?id=1474906&amp;o=node\" \/><\/p>\n<p>Nas representa\u00e7\u00f5es protocoladas ontem (4), a legenda alega que Lula teria feito propaganda eleitoral irregular positiva e negativa em desfavor de Bolsonaro em sete eventos realizados recentemente em Bras\u00edlia e em cidades do Nordeste.<\/p>\n<p>O PL tamb\u00e9m cita a pr\u00e1tica de &#8220;discurso de \u00f3dio&#8221; ap\u00f3s Bolsonaro ter sido chamado de &#8220;genocida e mentiroso&#8221; em um dos discursos.<\/p>\n<p>Os advogados do partido pediram ao TSE a retirada aos v\u00eddeos com os discursos da internet e aplica\u00e7\u00e3o de multa.<\/p>\n<p>N\u00e3o h\u00e1 prazo para decis\u00e3o liminar do caso.<\/p>\n<p><span style=\"font-weight: 400;\">Fonte: Ag\u00eancia Brasil <\/span><\/p>\n","protected":false},"excerpt":{"rendered":"<p>O Partido Liberal (PL) entrou com sete representa\u00e7\u00f5es no Tribunal Superior Eleitoral (TSE) contra o Partido dos Trabalhadores (PT) e o candidato \u00e0 presid\u00eancia da Rep\u00fablica Luiz In\u00e1cio Lula da Silva. O PL \u00e9 o partido do candidato \u00e0 reelei\u00e7\u00e3o Jair Bolsonaro. Nas representa\u00e7\u00f5es protocoladas ontem (4), a legenda alega que Lula teria feito propaganda [&hellip;]<\/p>\n","protected":false},"author":246,"featured_media":202658,"comment_status":"closed","ping_status":"closed","sticky":false,"template":"","format":"standard","meta":{"footnotes":""},"categories":[436,440,254,439],"tags":[],"class_list":["post-202657","post","type-post","status-publish","format-standard","has-post-thumbnail","hentry","category-destaque-da-semana","category-destaques-do-dia","category-politica","category-ultima-hora"],"_links":{"self":[{"href":"https:\/\/diarioregionaldigital.com.br\/index.php?rest_route=\/wp\/v2\/posts\/202657","targetHints":{"allow":["GET"]}}],"collection":[{"href":"https:\/\/diarioregionaldigital.com.br\/index.php?rest_route=\/wp\/v2\/posts"}],"about":[{"href":"https:\/\/diarioregionaldigital.com.br\/index.php?rest_route=\/wp\/v2\/types\/post"}],"author":[{"embeddable":true,"href":"https:\/\/diarioregionaldigital.com.br\/index.php?rest_route=\/wp\/v2\/users\/246"}],"replies":[{"embeddable":true,"href":"https:\/\/diarioregionaldigital.com.br\/index.php?rest_route=%2Fwp%2Fv2%2Fcomments&post=202657"}],"version-history":[{"count":1,"href":"https:\/\/diarioregionaldigital.com.br\/index.php?rest_route=\/wp\/v2\/posts\/202657\/revisions"}],"predecessor-version":[{"id":202659,"href":"https:\/\/diarioregionaldigital.com.br\/index.php?rest_route=\/wp\/v2\/posts\/202657\/revisions\/202659"}],"wp:featuredmedia":[{"embeddable":true,"href":"https:\/\/diarioregionaldigital.com.br\/index.php?rest_route=\/wp\/v2\/media\/202658"}],"wp:attachment":[{"href":"https:\/\/diarioregionaldigital.com.br\/index.php?rest_route=%2Fwp%2Fv2%2Fmedia&parent=202657"}],"wp:term":[{"taxonomy":"category","embeddable":true,"href":"https:\/\/diarioregionaldigital.com.br\/index.php?rest_route=%2Fwp%2Fv2%2Fcategories&post=202657"},{"taxonomy":"post_tag","embeddable":true,"href":"https:\/\/diarioregionaldigital.com.br\/index.php?rest_route=%2Fwp%2Fv2%2Ftags&post=202657"}],"curies":[{"name":"wp","href":"https:\/\/api.w.org\/{rel}","templated":true}]}}