{"id":202654,"date":"2022-08-05T19:55:28","date_gmt":"2022-08-05T22:55:28","guid":{"rendered":"https:\/\/diarioregionaldigital.com.br\/?p=202654"},"modified":"2022-08-05T19:55:28","modified_gmt":"2022-08-05T22:55:28","slug":"producao-de-veiculos-cresce-334-em-julho-diz-anfavea","status":"publish","type":"post","link":"https:\/\/diarioregionaldigital.com.br\/?p=202654","title":{"rendered":"Produ\u00e7\u00e3o de ve\u00edculos cresce 33,4% em julho, diz Anfavea"},"content":{"rendered":"<p>A produ\u00e7\u00e3o de ve\u00edculos cresceu 33,4% em julho na compara\u00e7\u00e3o com o mesmo m\u00eas de 2021, segundo balan\u00e7o divulgado\u00a0hoje\u00a0(5) pela Associa\u00e7\u00e3o Nacional de Fabricantes de Ve\u00edculos Automotores (Anfavea). Foram fabricadas em julho deste ano 219 mil unidades, o que tamb\u00e9m representa um aumento de 7,5% em rela\u00e7\u00e3o a junho. No acumulado\u00a0de janeiro\u00a0a julho, foram produzidos 1,3 milh\u00e3o de ve\u00edculos, uma queda de 0,2% na compara\u00e7\u00e3o com os primeiros sete\u00a0meses de 2021.<img decoding=\"async\" src=\"https:\/\/agenciabrasil.ebc.com.br\/ebc.png?id=1474767&amp;o=node\" \/><img decoding=\"async\" src=\"https:\/\/agenciabrasil.ebc.com.br\/ebc.gif?id=1474767&amp;o=node\" \/><\/p>\n<p>As vendas de ve\u00edculos novos tiveram eleva\u00e7\u00e3o de 3,7%\u00a0em julho na compara\u00e7\u00e3o com o mesmo m\u00eas do ano passado. Foram emplacadas, 182 mil unidades no per\u00edodo. Na compara\u00e7\u00e3o com junho, as vendas aumentaram 2,2%. No acumulado do ano, a comercializa\u00e7\u00e3o de ve\u00edculos registra retra\u00e7\u00e3o de 12% em rela\u00e7\u00e3o ao mesmo per\u00edodo de 2021, com a venda de 1,1 milh\u00e3o de\u00a0unidades.<\/p>\n<p>Segundo o presidente da Anfavea, M\u00e1rcio de Lima Leite, apesar do crescimento, as vendas mantiveram estabilidade e a percep\u00e7\u00e3o foi a de que houve maior volume nas vendas para frotistas, com 50 mil unidades. Ele refor\u00e7ou que a diferen\u00e7a n\u00e3o \u00e9 t\u00e3o significativa, por\u00e9m impactou o setor e \u00e9 motivo para observar e entender o que est\u00e1 ocorrendo.<\/p>\n<p>\u201cA alta de juros e a restri\u00e7\u00e3o ao cr\u00e9dito naturalmente gera maior dificuldade de acesso, porque nosso setor depende fundamentalmente do cr\u00e9dito. H\u00e1 uma redu\u00e7\u00e3o que continua desde que os juros aumentaram e a participa\u00e7\u00e3o das vendas \u00e0 vista e a prazo come\u00e7a a se distanciar. Neste ano 35% das vendas s\u00e3o a prazo e 65% \u00e0 vista. No ano passado era exatamente o oposto\u201d, disse.<\/p>\n<p>As exporta\u00e7\u00f5es de ve\u00edculos tiveram alta de 76,3% em julho na compara\u00e7\u00e3o com o mesmo m\u00eas do ano passado, com 41,9 mil unidades vendidas para o exterior. Ante junho, o n\u00famero de unidades comercializadas no mercado exterior teve queda de 11,4%. No acumulado dos sete meses do ano, a alta nas exporta\u00e7\u00f5es ficou em 28,7%, com a comercializa\u00e7\u00e3o de 288,2 mil unidades para outros pa\u00edses.<\/p>\n<p>\u201cPercebe-se uma pequena retra\u00e7\u00e3o ocasionada por quest\u00f5es na Argentina. Mas ainda assim \u00e9 motivo de comemora\u00e7\u00e3o porque o setor continua mantendo um bom n\u00edvel de exporta\u00e7\u00f5es\u201d, analisou Leite.<\/p>\n<p>A quantidade de pessoas empregadas na ind\u00fastria de ve\u00edculos registrou aumento de 1,1% em julho em rela\u00e7\u00e3o ao mesmo m\u00eas de 2021. Atualmente, as montadoras t\u00eam 103,8 mil trabalhadores. Na compara\u00e7\u00e3o com junho, a eleva\u00e7\u00e3o \u00e9 de 1,3%.<\/p>\n<p><span style=\"font-weight: 400;\">Fonte: Ag\u00eancia Brasil <\/span><\/p>\n","protected":false},"excerpt":{"rendered":"<p>A produ\u00e7\u00e3o de ve\u00edculos cresceu 33,4% em julho na compara\u00e7\u00e3o com o mesmo m\u00eas de 2021, segundo balan\u00e7o divulgado\u00a0hoje\u00a0(5) pela Associa\u00e7\u00e3o Nacional de Fabricantes de Ve\u00edculos Automotores (Anfavea). Foram fabricadas em julho deste ano 219 mil unidades, o que tamb\u00e9m representa um aumento de 7,5% em rela\u00e7\u00e3o a junho. No acumulado\u00a0de janeiro\u00a0a julho, foram produzidos [&hellip;]<\/p>\n","protected":false},"author":246,"featured_media":202655,"comment_status":"closed","ping_status":"closed","sticky":false,"template":"","format":"standard","meta":{"footnotes":""},"categories":[436,261,439],"tags":[],"class_list":["post-202654","post","type-post","status-publish","format-standard","has-post-thumbnail","hentry","category-destaque-da-semana","category-economia","category-ultima-hora"],"_links":{"self":[{"href":"https:\/\/diarioregionaldigital.com.br\/index.php?rest_route=\/wp\/v2\/posts\/202654","targetHints":{"allow":["GET"]}}],"collection":[{"href":"https:\/\/diarioregionaldigital.com.br\/index.php?rest_route=\/wp\/v2\/posts"}],"about":[{"href":"https:\/\/diarioregionaldigital.com.br\/index.php?rest_route=\/wp\/v2\/types\/post"}],"author":[{"embeddable":true,"href":"https:\/\/diarioregionaldigital.com.br\/index.php?rest_route=\/wp\/v2\/users\/246"}],"replies":[{"embeddable":true,"href":"https:\/\/diarioregionaldigital.com.br\/index.php?rest_route=%2Fwp%2Fv2%2Fcomments&post=202654"}],"version-history":[{"count":1,"href":"https:\/\/diarioregionaldigital.com.br\/index.php?rest_route=\/wp\/v2\/posts\/202654\/revisions"}],"predecessor-version":[{"id":202656,"href":"https:\/\/diarioregionaldigital.com.br\/index.php?rest_route=\/wp\/v2\/posts\/202654\/revisions\/202656"}],"wp:featuredmedia":[{"embeddable":true,"href":"https:\/\/diarioregionaldigital.com.br\/index.php?rest_route=\/wp\/v2\/media\/202655"}],"wp:attachment":[{"href":"https:\/\/diarioregionaldigital.com.br\/index.php?rest_route=%2Fwp%2Fv2%2Fmedia&parent=202654"}],"wp:term":[{"taxonomy":"category","embeddable":true,"href":"https:\/\/diarioregionaldigital.com.br\/index.php?rest_route=%2Fwp%2Fv2%2Fcategories&post=202654"},{"taxonomy":"post_tag","embeddable":true,"href":"https:\/\/diarioregionaldigital.com.br\/index.php?rest_route=%2Fwp%2Fv2%2Ftags&post=202654"}],"curies":[{"name":"wp","href":"https:\/\/api.w.org\/{rel}","templated":true}]}}