{"id":202651,"date":"2022-08-05T19:54:02","date_gmt":"2022-08-05T22:54:02","guid":{"rendered":"https:\/\/diarioregionaldigital.com.br\/?p=202651"},"modified":"2022-08-05T19:54:02","modified_gmt":"2022-08-05T22:54:02","slug":"igp-di-tem-deflacao-de-038-em-julho","status":"publish","type":"post","link":"https:\/\/diarioregionaldigital.com.br\/?p=202651","title":{"rendered":"IGP-DI tem defla\u00e7\u00e3o de 0,38% em julho"},"content":{"rendered":"<p>O\u00a0\u00cdndice Geral de Pre\u00e7os \u2013 Disponibilidade Interna (IGP-DI) registrou defla\u00e7\u00e3o de 0,38% em julho. Essa \u00e9 a primeira queda do \u00edndice desde novembro de 2021, quando foi registrada defla\u00e7\u00e3o de 0,58%. Com esse resultado, o IGP-DI em 12 meses caiu de 11,12%, em junho, para 9,3%, no m\u00eas passado. O indicador foi divulgado\u00a0hoje\u00a0(5) pelo Instituto Brasileiro de Economia da Funda\u00e7\u00e3o Getulio Vargas (Ibre\/FGV).<img decoding=\"async\" src=\"https:\/\/agenciabrasil.ebc.com.br\/ebc.png?id=1474744&amp;o=node\" \/><img decoding=\"async\" src=\"https:\/\/agenciabrasil.ebc.com.br\/ebc.gif?id=1474744&amp;o=node\" \/><\/p>\n<p>Em junho, a taxa apresentou alta de 0,62%. No ano, o \u00edndice acumula alta de 7,44%. Em julho de 2021, o \u00edndice havia subido 1,45% e acumulava eleva\u00e7\u00e3o de 33,35% em 12 meses.<\/p>\n<p>Segundo o coordenador dos \u00cdndices de Pre\u00e7os do Ibre\/FGV, Andr\u00e9 Braz, as quedas verificadas nos pre\u00e7os de grandes\u00a0<em>commodities\u00a0<\/em>\u2013 min\u00e9rio de ferro (de -1,63% para -12,94%), soja (de -0,81% para -2,27%) e milho (de -3,30% para -4,98%) \u2013 explicam a desacelera\u00e7\u00e3o da infla\u00e7\u00e3o ao produtor, que fechou em queda de 0,32%.<\/p>\n<p>\u201cNo \u00e2mbito do consumidor, prevalecem as contribui\u00e7\u00f5es dos energ\u00e9ticos, principalmente gasolina (de 0,18% para -14,24%) e energia el\u00e9trica (de -0,41% para -5,13%)\u201d, afirmou, em nota, Andr\u00e9 Braz.<\/p>\n<p>Entre os componentes do IGP-DI, o \u00cdndice de Pre\u00e7os ao Produtor Amplo (IPA)\u00a0caiu 0,32% em julho. No m\u00eas anterior, o \u00edndice havia apresentado taxa de 0,44%. Na an\u00e1lise por est\u00e1gios de processamento, a taxa do grupo Bens Finais variou de 0,72% em junho para 0,28% em julho.<\/p>\n<p>\u201cO principal respons\u00e1vel por este recuo foram os alimentos processados, cuja taxa passou de 0,72% para -0,08%. O \u00edndice de Bens Finais (ex), que resulta da exclus\u00e3o de alimentos<em>\u00a0in natura<\/em>\u00a0e combust\u00edveis para o consumo, variou 0,55% em julho, contra 0,82% em junho\u201d, diz o Ibre\/FGV.<\/p>\n<p>Segundo a pesquisa, a taxa do grupo bens intermedi\u00e1rios passou de 1,33%, em junho, para 0,89% em julho. O principal respons\u00e1vel por este recuo foi o subgrupo combust\u00edveis e lubrificantes para a produ\u00e7\u00e3o, cuja taxa passou de 7,94% para 5,02%. O \u00edndice de bens intermedi\u00e1rios (ex), calculado ap\u00f3s a exclus\u00e3o de combust\u00edveis e lubrificantes para a produ\u00e7\u00e3o, caiu 0,06%, em julho, ante queda de 0,09%, no m\u00eas anterior.<\/p>\n<p>O est\u00e1gio das mat\u00e9rias-primas brutas intensificou a queda em sua taxa de varia\u00e7\u00e3o, que passou de -0,78% em junho para -2,19%, em julho. Segundo o estudo, contribu\u00edram para este movimento os seguintes itens: min\u00e9rio de ferro (-1,63% para -12,94%), algod\u00e3o em caro\u00e7o (-3,30% para -14,45%) e soja em gr\u00e3o (-0,81% para -2,27%). Em sentido oposto, est\u00e3o leite\u00a0<em>in natura<\/em>\u00a0(3,55% para 14,37%), bovinos (-1,52% para 3,62%) e mandioca\/aipim (1,73% para 7,32%).<\/p>\n<p>O\u00a0\u00cdndice de Pre\u00e7os ao Consumidor (IPC)\u00a0caiu 1,19% em julho, ap\u00f3s alta de 0,67% em junho. Quatro das oito classes de despesa componentes do \u00edndice registraram decr\u00e9scimo em suas taxas de varia\u00e7\u00e3o: transportes (0,18% para -4,81%), educa\u00e7\u00e3o, leitura e recrea\u00e7\u00e3o (2,06% para -4,06%), habita\u00e7\u00e3o (0,43% para -0,70%) e vestu\u00e1rio (1,26% para 0,47%).<\/p>\n<p>\u201cNestas classes de despesa, vale mencionar o comportamento dos seguintes itens: gasolina (0,18% para -14,24%), passagem a\u00e9rea (9,43% para -19,81%), tarifa de eletricidade residencial (-0,41% para -5,13%) e roupas (1,53% para 0,30%)\u201d, afirma o Ibre\/FGV.<\/p>\n<p>\u201cEm contrapartida, os grupos comunica\u00e7\u00e3o (-1,08% para -0,09%), alimenta\u00e7\u00e3o (1,30% para 1,34%), despesas diversas (0,13% para 0,30%) e sa\u00fade e cuidados pessoais (0,42% para 0,45%) apresentaram acr\u00e9scimo em suas taxas de varia\u00e7\u00e3o. Estas classes de despesa foram influenciadas pelos seguintes itens: combo de telefonia, internet e TV por assinatura (-2,59% para 0,29%), latic\u00ednios (6,07% para 11,58%), cigarros (zero para 2,52%) e artigos de higiene e cuidado pessoal (-0,68% para -0,42%)\u201d, diz a FGV.<\/p>\n<p>O\u00a0\u00cdndice Nacional de Custo da Constru\u00e7\u00e3o (INCC)\u00a0subiu 0,86% em julho, ante 2,14% no m\u00eas anterior. Os tr\u00eas grupos componentes do INCC registraram as seguintes varia\u00e7\u00f5es na passagem de junho para julho: materiais e equipamentos (1,07% para 0,34%), servi\u00e7os (0,68% para 0,62%) e m\u00e3o de obra (3,35% para 1,36%).<\/p>\n<p><span style=\"font-weight: 400;\">Fonte: Ag\u00eancia Brasil <\/span><\/p>\n","protected":false},"excerpt":{"rendered":"<p>O\u00a0\u00cdndice Geral de Pre\u00e7os \u2013 Disponibilidade Interna (IGP-DI) registrou defla\u00e7\u00e3o de 0,38% em julho. Essa \u00e9 a primeira queda do \u00edndice desde novembro de 2021, quando foi registrada defla\u00e7\u00e3o de 0,58%. Com esse resultado, o IGP-DI em 12 meses caiu de 11,12%, em junho, para 9,3%, no m\u00eas passado. O indicador foi divulgado\u00a0hoje\u00a0(5) pelo Instituto [&hellip;]<\/p>\n","protected":false},"author":246,"featured_media":202652,"comment_status":"closed","ping_status":"closed","sticky":false,"template":"","format":"standard","meta":{"footnotes":""},"categories":[436,261,439],"tags":[],"class_list":["post-202651","post","type-post","status-publish","format-standard","has-post-thumbnail","hentry","category-destaque-da-semana","category-economia","category-ultima-hora"],"_links":{"self":[{"href":"https:\/\/diarioregionaldigital.com.br\/index.php?rest_route=\/wp\/v2\/posts\/202651","targetHints":{"allow":["GET"]}}],"collection":[{"href":"https:\/\/diarioregionaldigital.com.br\/index.php?rest_route=\/wp\/v2\/posts"}],"about":[{"href":"https:\/\/diarioregionaldigital.com.br\/index.php?rest_route=\/wp\/v2\/types\/post"}],"author":[{"embeddable":true,"href":"https:\/\/diarioregionaldigital.com.br\/index.php?rest_route=\/wp\/v2\/users\/246"}],"replies":[{"embeddable":true,"href":"https:\/\/diarioregionaldigital.com.br\/index.php?rest_route=%2Fwp%2Fv2%2Fcomments&post=202651"}],"version-history":[{"count":1,"href":"https:\/\/diarioregionaldigital.com.br\/index.php?rest_route=\/wp\/v2\/posts\/202651\/revisions"}],"predecessor-version":[{"id":202653,"href":"https:\/\/diarioregionaldigital.com.br\/index.php?rest_route=\/wp\/v2\/posts\/202651\/revisions\/202653"}],"wp:featuredmedia":[{"embeddable":true,"href":"https:\/\/diarioregionaldigital.com.br\/index.php?rest_route=\/wp\/v2\/media\/202652"}],"wp:attachment":[{"href":"https:\/\/diarioregionaldigital.com.br\/index.php?rest_route=%2Fwp%2Fv2%2Fmedia&parent=202651"}],"wp:term":[{"taxonomy":"category","embeddable":true,"href":"https:\/\/diarioregionaldigital.com.br\/index.php?rest_route=%2Fwp%2Fv2%2Fcategories&post=202651"},{"taxonomy":"post_tag","embeddable":true,"href":"https:\/\/diarioregionaldigital.com.br\/index.php?rest_route=%2Fwp%2Fv2%2Ftags&post=202651"}],"curies":[{"name":"wp","href":"https:\/\/api.w.org\/{rel}","templated":true}]}}