{"id":202644,"date":"2022-08-05T19:50:32","date_gmt":"2022-08-05T22:50:32","guid":{"rendered":"https:\/\/diarioregionaldigital.com.br\/?p=202644"},"modified":"2022-08-05T19:50:32","modified_gmt":"2022-08-05T22:50:32","slug":"pequenos-negocios-geram-72-das-vagas-de-emprego-no-primeiro-semestre","status":"publish","type":"post","link":"https:\/\/diarioregionaldigital.com.br\/?p=202644","title":{"rendered":"Pequenos neg\u00f3cios geram 72% das vagas de emprego no primeiro semestre"},"content":{"rendered":"<p>As micro e pequenas empresas (MPE) puxaram a cria\u00e7\u00e3o de empregos formais no primeiro semestre. Dos cerca de 1,33 milh\u00e3o de postos de trabalho formais criados no Brasil de janeiro a junho, 961,2 mil, o equivalente a 72,1% do total, originaram-se em pequenos neg\u00f3cios.<img decoding=\"async\" src=\"https:\/\/agenciabrasil.ebc.com.br\/ebc.png?id=1474697&amp;o=node\" \/><img decoding=\"async\" src=\"https:\/\/agenciabrasil.ebc.com.br\/ebc.gif?id=1474697&amp;o=node\" \/><\/p>\n<p>A conclus\u00e3o consta de levantamento do Servi\u00e7o Brasileiro de Apoio \u00e0s Micro e Pequenas Empresas (Sebrae), com base em dados do Cadastro Geral de Empregados e Desempregados (Caged), do Minist\u00e9rio da Economia. O desempenho das MPE \u00e9 bastante superior ao das m\u00e9dias e grandes empresas, que abriram 279,1 mil vagas nos seis primeiros meses de 2022.<\/p>\n<p>Apenas em junho, os neg\u00f3cios de menor porte foram respons\u00e1veis pela abertura de 63,6% das vagas formais no m\u00eas, com 176,8 mil de um total de 277,9 mil postos de trabalho criados no m\u00eas passado. As m\u00e9dias e grandes empresas abriram 73,9 mil vagas (26,6% do total).<\/p>\n<h2>Setores<\/h2>\n<p>Na divis\u00e3o por setores da economia, os pequenos neg\u00f3cios apresentaram saldo positivo na cria\u00e7\u00e3o de empregos em todos os segmentos no acumulado do ano. O destaque entre as micro e pequenas empresas \u00e9 o setor de servi\u00e7os, que gerou 533 mil vagas. Apenas em junho, o segmento abriu 78 mil postos.<\/p>\n<p>A constru\u00e7\u00e3o e a ind\u00fastria da transforma\u00e7\u00e3o aparecem na segunda e na terceira posi\u00e7\u00f5es, com 168,8 mil e 126,3 mil empregos gerados, respectivamente. No com\u00e9rcio, as MPE criaram 90,6 mil postos de trabalho de janeiro a junho. As m\u00e9dias e grandes empresas, em contrapartida, fecharam 42,8 mil vagas no per\u00edodo.<\/p>\n<p><span style=\"font-weight: 400;\"><br \/>\n<\/span><span style=\"font-weight: 400;\">Fonte: Ag\u00eancia Brasil <\/span><\/p>\n","protected":false},"excerpt":{"rendered":"<p>As micro e pequenas empresas (MPE) puxaram a cria\u00e7\u00e3o de empregos formais no primeiro semestre. Dos cerca de 1,33 milh\u00e3o de postos de trabalho formais criados no Brasil de janeiro a junho, 961,2 mil, o equivalente a 72,1% do total, originaram-se em pequenos neg\u00f3cios. A conclus\u00e3o consta de levantamento do Servi\u00e7o Brasileiro de Apoio \u00e0s [&hellip;]<\/p>\n","protected":false},"author":246,"featured_media":202645,"comment_status":"closed","ping_status":"closed","sticky":false,"template":"","format":"standard","meta":{"footnotes":""},"categories":[436,440,261,439],"tags":[],"class_list":["post-202644","post","type-post","status-publish","format-standard","has-post-thumbnail","hentry","category-destaque-da-semana","category-destaques-do-dia","category-economia","category-ultima-hora"],"_links":{"self":[{"href":"https:\/\/diarioregionaldigital.com.br\/index.php?rest_route=\/wp\/v2\/posts\/202644","targetHints":{"allow":["GET"]}}],"collection":[{"href":"https:\/\/diarioregionaldigital.com.br\/index.php?rest_route=\/wp\/v2\/posts"}],"about":[{"href":"https:\/\/diarioregionaldigital.com.br\/index.php?rest_route=\/wp\/v2\/types\/post"}],"author":[{"embeddable":true,"href":"https:\/\/diarioregionaldigital.com.br\/index.php?rest_route=\/wp\/v2\/users\/246"}],"replies":[{"embeddable":true,"href":"https:\/\/diarioregionaldigital.com.br\/index.php?rest_route=%2Fwp%2Fv2%2Fcomments&post=202644"}],"version-history":[{"count":2,"href":"https:\/\/diarioregionaldigital.com.br\/index.php?rest_route=\/wp\/v2\/posts\/202644\/revisions"}],"predecessor-version":[{"id":202647,"href":"https:\/\/diarioregionaldigital.com.br\/index.php?rest_route=\/wp\/v2\/posts\/202644\/revisions\/202647"}],"wp:featuredmedia":[{"embeddable":true,"href":"https:\/\/diarioregionaldigital.com.br\/index.php?rest_route=\/wp\/v2\/media\/202645"}],"wp:attachment":[{"href":"https:\/\/diarioregionaldigital.com.br\/index.php?rest_route=%2Fwp%2Fv2%2Fmedia&parent=202644"}],"wp:term":[{"taxonomy":"category","embeddable":true,"href":"https:\/\/diarioregionaldigital.com.br\/index.php?rest_route=%2Fwp%2Fv2%2Fcategories&post=202644"},{"taxonomy":"post_tag","embeddable":true,"href":"https:\/\/diarioregionaldigital.com.br\/index.php?rest_route=%2Fwp%2Fv2%2Ftags&post=202644"}],"curies":[{"name":"wp","href":"https:\/\/api.w.org\/{rel}","templated":true}]}}