{"id":202629,"date":"2022-08-04T21:23:08","date_gmt":"2022-08-05T00:23:08","guid":{"rendered":"https:\/\/diarioregionaldigital.com.br\/?p=202629"},"modified":"2022-08-04T21:23:08","modified_gmt":"2022-08-05T00:23:08","slug":"pjf-realiza-revitalizacao-de-canteiro-central-no-bairro-francisco-bernardino","status":"publish","type":"post","link":"https:\/\/diarioregionaldigital.com.br\/?p=202629","title":{"rendered":"PJF realiza revitaliza\u00e7\u00e3o de canteiro central no bairro Francisco Bernardino"},"content":{"rendered":"<p>Segundo informa\u00e7\u00f5es do site da Prefeitura de Juiz de Fora (PJF), mais flores e mais cores para a cidade. O Programa Boniteza, da Prefeitura de Juiz de Fora (PJF) concluiu nesta quinta-feira, 04, a revitaliza\u00e7\u00e3o do canteiro central localizado entre os bairros Francisco Bernardino e Milho Branco.<\/p>\n<p>A a\u00e7\u00e3o contou com equipes do setor de Obras e do Horto Florestal da Empresa Municipal de Pavimenta\u00e7\u00e3o e Urbanidades (Empav). A revitaliza\u00e7\u00e3o incluiu a manuten\u00e7\u00e3o e pintura das muretas, dos meios-fios, dos bancos e das mesas do trevo, al\u00e9m do plantio de mudas ornamentais de diversas esp\u00e9cies, como dracenas vermelhas, sing\u00f4nios, cr\u00f3tons verdes e vermelhos e iresines. No total, foram plantadas 400 novas mudas.<\/p>\n<p>Participaram dos trabalhos sete acauteladas da Penitenci\u00e1ria Jos\u00e9 Edson Cavalieri (Pjec) que, h\u00e1 mais de seis meses, prestam servi\u00e7os no Horto Florestal da Empav.<\/p>\n<p><strong>Beira do rio mais bonita<\/strong><\/p>\n<p>Outra importante a\u00e7\u00e3o que tamb\u00e9m contou com as m\u00e3os habilidosas das acauteladas da Pjec foi o plantio de mudas na avenida Brasil, pr\u00f3ximo \u00e0 ponte do bairro Santa Terezinha, mais conhecida como \u201cPonte Vermelha\u201d. No local foram plantadas cerca de 120 mudas de variadas esp\u00e9cies.<\/p>\n","protected":false},"excerpt":{"rendered":"<p>Segundo informa\u00e7\u00f5es do site da Prefeitura de Juiz de Fora (PJF), mais flores e mais cores para a cidade. O Programa Boniteza, da Prefeitura de Juiz de Fora (PJF) concluiu nesta quinta-feira, 04, a revitaliza\u00e7\u00e3o do canteiro central localizado entre os bairros Francisco Bernardino e Milho Branco. A a\u00e7\u00e3o contou com equipes do setor de [&hellip;]<\/p>\n","protected":false},"author":246,"featured_media":202630,"comment_status":"closed","ping_status":"closed","sticky":false,"template":"","format":"standard","meta":{"footnotes":""},"categories":[253,436,439],"tags":[],"class_list":["post-202629","post","type-post","status-publish","format-standard","has-post-thumbnail","hentry","category-cidade","category-destaque-da-semana","category-ultima-hora"],"_links":{"self":[{"href":"https:\/\/diarioregionaldigital.com.br\/index.php?rest_route=\/wp\/v2\/posts\/202629","targetHints":{"allow":["GET"]}}],"collection":[{"href":"https:\/\/diarioregionaldigital.com.br\/index.php?rest_route=\/wp\/v2\/posts"}],"about":[{"href":"https:\/\/diarioregionaldigital.com.br\/index.php?rest_route=\/wp\/v2\/types\/post"}],"author":[{"embeddable":true,"href":"https:\/\/diarioregionaldigital.com.br\/index.php?rest_route=\/wp\/v2\/users\/246"}],"replies":[{"embeddable":true,"href":"https:\/\/diarioregionaldigital.com.br\/index.php?rest_route=%2Fwp%2Fv2%2Fcomments&post=202629"}],"version-history":[{"count":1,"href":"https:\/\/diarioregionaldigital.com.br\/index.php?rest_route=\/wp\/v2\/posts\/202629\/revisions"}],"predecessor-version":[{"id":202631,"href":"https:\/\/diarioregionaldigital.com.br\/index.php?rest_route=\/wp\/v2\/posts\/202629\/revisions\/202631"}],"wp:featuredmedia":[{"embeddable":true,"href":"https:\/\/diarioregionaldigital.com.br\/index.php?rest_route=\/wp\/v2\/media\/202630"}],"wp:attachment":[{"href":"https:\/\/diarioregionaldigital.com.br\/index.php?rest_route=%2Fwp%2Fv2%2Fmedia&parent=202629"}],"wp:term":[{"taxonomy":"category","embeddable":true,"href":"https:\/\/diarioregionaldigital.com.br\/index.php?rest_route=%2Fwp%2Fv2%2Fcategories&post=202629"},{"taxonomy":"post_tag","embeddable":true,"href":"https:\/\/diarioregionaldigital.com.br\/index.php?rest_route=%2Fwp%2Fv2%2Ftags&post=202629"}],"curies":[{"name":"wp","href":"https:\/\/api.w.org\/{rel}","templated":true}]}}