{"id":202626,"date":"2022-08-04T21:21:43","date_gmt":"2022-08-05T00:21:43","guid":{"rendered":"https:\/\/diarioregionaldigital.com.br\/?p=202626"},"modified":"2022-08-04T21:21:43","modified_gmt":"2022-08-05T00:21:43","slug":"estadio-municipal-recebe-partida-do-villa-real-neste-domingo-7","status":"publish","type":"post","link":"https:\/\/diarioregionaldigital.com.br\/?p=202626","title":{"rendered":"Est\u00e1dio Municipal recebe partida do Villa Real neste domingo, 7"},"content":{"rendered":"<p>Segundo informa\u00e7\u00f5es do site da Prefeitura de Juiz de Fora (PJF), o\u00a0Est\u00e1dio Municipal Radialista M\u00e1rio Hel\u00eanio, administrado pela Prefeitura de Juiz de Fora (PJF), receber\u00e1 neste domingo, 7, \u00e0s 11h, a partida entre Villa Real e Figueirense, de S\u00e3o Jo\u00e3o del Rei, v\u00e1lida pela 1\u00aa rodada da Segunda Divis\u00e3o do Campeonato Mineiro 2022.<br \/>\nSer\u00e3o disponibilizados 900 ingressos para venda, com 540 destinados para inteiras, por R$10,00, e 360 para meias-entradas, por RS5,00,\u00a0 al\u00e9m de 100 cortesias. A torcida entrar\u00e1 pelo p\u00f3rtico 1 e ir\u00e1 se posicionar no setor verde da arquibancada. Caso haja a presen\u00e7a de torcedores visitantes, eles entrar\u00e3o pelo mesmo local e ser\u00e3o direcionados ao setor vermelho. Os port\u00f5es ser\u00e3o abertos \u00e0s 10h.<br \/>\nEsta ser\u00e1 a 1\u00aa partida que o Est\u00e1dio Municipal recebe na Segunda Divis\u00e3o do Campeonato Mineiro 2022, com mando do Villa Real, \u00fanico clube juiz-forano na competi\u00e7\u00e3o.<br \/>\n<strong>Credenciamento<\/strong><br \/>\nPara os profissionais de imprensa que queiram comparecer \u00e0 partida, \u00e9 necess\u00e1rio possuir registro na Associa\u00e7\u00e3o Mineira de Cronistas Esportivos (AMCE) para realizar o credenciamento, feito exclusivamente pela Federa\u00e7\u00e3o Mineira de Futebol (FMF), dispon\u00edvel no\u00a0<a href=\"http:\/\/www.fmf.com.br\/Credenciamento.aspx\"><strong>link<\/strong><\/a>, at\u00e9 \u00e0s 12h desta sexta-feira, 5.<br \/>\nPara os profissionais de imprensa que queiram ter acesso ao estacionamento do est\u00e1dio, \u00e9 necess\u00e1rio enviar a placa do ve\u00edculo, nome completo e o Registro Geral (RG), no e-mail seljf2021@gmail.com.<br \/>\n<strong>Transporte<\/strong><br \/>\nA Prefeitura disponibilizou um \u00f4nibus extra na Linha 517 \u2013 Est\u00e1dio para o jogo entre\u00a0Villa Real x Figueirense, que ocorre neste domingo, 7,\u00a0\u00e0s 11h no Est\u00e1dio Municipal Radialista M\u00e1rio Hel\u00eanio, em Juiz de Fora. O ve\u00edculo sair\u00e1 do ponto da Avenida Itamar Franco, em frente \u00e0 sede do Procon.<\/p>\n<p><strong>Confira os hor\u00e1rios e itiner\u00e1rios:<\/strong><br \/>\nHor\u00e1rios de sa\u00edda sentido Centro\/Est\u00e1dio (Ponto da Av. Itamar Franco, em frente ao Procon): 9h15 e 10h15<br \/>\nItiner\u00e1rio Centro\/Est\u00e1dio: Avenida Presidente Itamar Franco (em frente ao Procon), Avenida Eug\u00eanio do Nascimento, Est\u00e1dio Municipal.<br \/>\nHor\u00e1rio de sa\u00edda sentido Est\u00e1dio\/Centro: 13h15<br \/>\nItiner\u00e1rio Est\u00e1dio\/Centro: Est\u00e1dio Municipal, Av. Eug\u00eanio do Nascimento, Av. Pres. Itamar Franco, Av. Brasil (margem direita), Ponte Nelson Silva, Av. Brasil (margem esquerda), Ponte Ant\u00f4nio Carlos, Av. Pres. Itamar Franco (em frente ao Procon).<\/p>\n","protected":false},"excerpt":{"rendered":"<p>Segundo informa\u00e7\u00f5es do site da Prefeitura de Juiz de Fora (PJF), o\u00a0Est\u00e1dio Municipal Radialista M\u00e1rio Hel\u00eanio, administrado pela Prefeitura de Juiz de Fora (PJF), receber\u00e1 neste domingo, 7, \u00e0s 11h, a partida entre Villa Real e Figueirense, de S\u00e3o Jo\u00e3o del Rei, v\u00e1lida pela 1\u00aa rodada da Segunda Divis\u00e3o do Campeonato Mineiro 2022. Ser\u00e3o disponibilizados [&hellip;]<\/p>\n","protected":false},"author":246,"featured_media":202627,"comment_status":"closed","ping_status":"closed","sticky":false,"template":"","format":"standard","meta":{"footnotes":""},"categories":[253,436,439],"tags":[],"class_list":["post-202626","post","type-post","status-publish","format-standard","has-post-thumbnail","hentry","category-cidade","category-destaque-da-semana","category-ultima-hora"],"_links":{"self":[{"href":"https:\/\/diarioregionaldigital.com.br\/index.php?rest_route=\/wp\/v2\/posts\/202626","targetHints":{"allow":["GET"]}}],"collection":[{"href":"https:\/\/diarioregionaldigital.com.br\/index.php?rest_route=\/wp\/v2\/posts"}],"about":[{"href":"https:\/\/diarioregionaldigital.com.br\/index.php?rest_route=\/wp\/v2\/types\/post"}],"author":[{"embeddable":true,"href":"https:\/\/diarioregionaldigital.com.br\/index.php?rest_route=\/wp\/v2\/users\/246"}],"replies":[{"embeddable":true,"href":"https:\/\/diarioregionaldigital.com.br\/index.php?rest_route=%2Fwp%2Fv2%2Fcomments&post=202626"}],"version-history":[{"count":1,"href":"https:\/\/diarioregionaldigital.com.br\/index.php?rest_route=\/wp\/v2\/posts\/202626\/revisions"}],"predecessor-version":[{"id":202628,"href":"https:\/\/diarioregionaldigital.com.br\/index.php?rest_route=\/wp\/v2\/posts\/202626\/revisions\/202628"}],"wp:featuredmedia":[{"embeddable":true,"href":"https:\/\/diarioregionaldigital.com.br\/index.php?rest_route=\/wp\/v2\/media\/202627"}],"wp:attachment":[{"href":"https:\/\/diarioregionaldigital.com.br\/index.php?rest_route=%2Fwp%2Fv2%2Fmedia&parent=202626"}],"wp:term":[{"taxonomy":"category","embeddable":true,"href":"https:\/\/diarioregionaldigital.com.br\/index.php?rest_route=%2Fwp%2Fv2%2Fcategories&post=202626"},{"taxonomy":"post_tag","embeddable":true,"href":"https:\/\/diarioregionaldigital.com.br\/index.php?rest_route=%2Fwp%2Fv2%2Ftags&post=202626"}],"curies":[{"name":"wp","href":"https:\/\/api.w.org\/{rel}","templated":true}]}}