{"id":202620,"date":"2022-08-04T21:11:04","date_gmt":"2022-08-05T00:11:04","guid":{"rendered":"https:\/\/diarioregionaldigital.com.br\/?p=202620"},"modified":"2022-08-04T21:11:04","modified_gmt":"2022-08-05T00:11:04","slug":"palmeiras-mostra-forca-e-arranca-empate-com-o-atletico-na-libertadores","status":"publish","type":"post","link":"https:\/\/diarioregionaldigital.com.br\/?p=202620","title":{"rendered":"Palmeiras mostra for\u00e7a e arranca empate com o Atl\u00e9tico na Libertadores"},"content":{"rendered":"<p>O Palmeiras mostrou for\u00e7a e arrancou um empate heroico de 2 a 2 com o Palmeiras em um jogo muito movimentado, disputado na noite desta quarta-feira (3) no est\u00e1dio do Mineir\u00e3o, v\u00e1lido pela ida das quartas de final da Copa Libertadores. A defini\u00e7\u00e3o do classificado para as semifinais da competi\u00e7\u00e3o ser\u00e1 na pr\u00f3xima semana, quando as equipes voltam a se enfrentar no Allianz Parque, em S\u00e3o Paulo.<img decoding=\"async\" src=\"https:\/\/agenciabrasil.ebc.com.br\/ebc.png?id=1474433&amp;o=node\" \/><img decoding=\"async\" src=\"https:\/\/agenciabrasil.ebc.com.br\/ebc.gif?id=1474433&amp;o=node\" \/><\/p>\n<p>Quem avan\u00e7ar entre o Galo e o Verd\u00e3o ter\u00e1 pela frente o vencedor do confronto envolvendo o Athletico-PR e o Estudiantes (Argentina), que come\u00e7a a ser disputado na pr\u00f3xima quinta-feira (4) na Arena da Baixada, em Curitiba.<\/p>\n<h2>O jogo<\/h2>\n<p>O Atl\u00e9tico-MG come\u00e7ou melhor na partida, for\u00e7ando a marca\u00e7\u00e3o no campo do Palmeiras de forma a tentar roubar a bola e criar chances de marcar. Com esta postura, o Galo n\u00e3o demorou a criar oportunidades. Logo aos dois minutos, Zaracho acertou uma bicicleta para defesa do goleiro Weverton.<\/p>\n<p>Cinco minutos depois foi a vez de Hulk finalizar, com uma bomba que acabou indo por cima do gol. J\u00e1 o Verd\u00e3o chegou pela primeira vez com perigo aos 10 minutos, em cobran\u00e7a de falta de Gustavo Scarpa que parou em defesa de Everson.<\/p>\n<p>Por\u00e9m, o dom\u00ednio era mesmo do Galo, que empilhou oportunidades com Zaracho (aos 12), Keno (aos 14, aos 16 e aos 25), Hulk (aos 17) e Ademir (com chute na trave aos 31). Apesar do dom\u00ednio da equipe de Cuca, o Palmeiras chegou a dar um susto nos mineiros, ao colocar a bola no fundo da rede aos 39 minutos com Piquerez. Mas o lance foi anulado pelo juiz com aux\u00edlio do VAR (\u00e1rbitro de v\u00eddeo) por causa de posi\u00e7\u00e3o irregular de Scarpa.<\/p>\n<p>Aos 43 minutos Jair recebeu na \u00e1rea, tentou girar em cima da marca\u00e7\u00e3o de Marcos Rocha e acabou sendo derrubado. O \u00e1rbitro assinalou p\u00eanalti, que foi cobrado por Hulk com perfei\u00e7\u00e3o. Com este gol o camisa 7 se tornou o maior artilheiro do Atl\u00e9tico-MG na hist\u00f3ria da competi\u00e7\u00e3o continental com o total de 12 tentos.<\/p>\n<p>No retorno do intervalo, o Galo mostrou efici\u00eancia, pois no primeiro minuto Keno avan\u00e7ou pela ponta esquerda e cruzou rasteiro para o meio da \u00e1rea. O zagueiro Murilo se enrolou e acabou fazendo contra. Por\u00e9m, o Palmeiras n\u00e3o estava morto, e conseguiu descontar aos 13 minutos. Scarpa acertou o travess\u00e3o em linda cobran\u00e7a de falta e Murilo aproveitou o rebote para escorar e marcar, se redimindo da falha anterior.<\/p>\n<p>Com o gol o Verd\u00e3o se animou e lutou at\u00e9 o final. E o esfor\u00e7o foi premiado aos 46 minutos, quando Scarpa cobrou escanteio na \u00e1rea, Dudu desviou de peixinho e Danilo apenas escorou para o fundo do gol para arrancar um empate muito importante.<\/p>\n<h2>Pr\u00f3ximos compromissos<\/h2>\n<p>Depois da partida decisiva pela Libertadores, o Palmeiras volta a defender a sua lideran\u00e7a do Brasileiro, em jogo contra o Goi\u00e1s no domingo (7). No mesmo dia o Atl\u00e9tico-MG recebe o Athletico-PR no Mineir\u00e3o.<\/p>\n<p><span style=\"font-weight: 400;\">Fonte: Ag\u00eancia Brasil <\/span><\/p>\n","protected":false},"excerpt":{"rendered":"<p>O Palmeiras mostrou for\u00e7a e arrancou um empate heroico de 2 a 2 com o Palmeiras em um jogo muito movimentado, disputado na noite desta quarta-feira (3) no est\u00e1dio do Mineir\u00e3o, v\u00e1lido pela ida das quartas de final da Copa Libertadores. A defini\u00e7\u00e3o do classificado para as semifinais da competi\u00e7\u00e3o ser\u00e1 na pr\u00f3xima semana, quando [&hellip;]<\/p>\n","protected":false},"author":246,"featured_media":202621,"comment_status":"closed","ping_status":"closed","sticky":false,"template":"","format":"standard","meta":{"footnotes":""},"categories":[436,257,439],"tags":[],"class_list":["post-202620","post","type-post","status-publish","format-standard","has-post-thumbnail","hentry","category-destaque-da-semana","category-esporte","category-ultima-hora"],"_links":{"self":[{"href":"https:\/\/diarioregionaldigital.com.br\/index.php?rest_route=\/wp\/v2\/posts\/202620","targetHints":{"allow":["GET"]}}],"collection":[{"href":"https:\/\/diarioregionaldigital.com.br\/index.php?rest_route=\/wp\/v2\/posts"}],"about":[{"href":"https:\/\/diarioregionaldigital.com.br\/index.php?rest_route=\/wp\/v2\/types\/post"}],"author":[{"embeddable":true,"href":"https:\/\/diarioregionaldigital.com.br\/index.php?rest_route=\/wp\/v2\/users\/246"}],"replies":[{"embeddable":true,"href":"https:\/\/diarioregionaldigital.com.br\/index.php?rest_route=%2Fwp%2Fv2%2Fcomments&post=202620"}],"version-history":[{"count":1,"href":"https:\/\/diarioregionaldigital.com.br\/index.php?rest_route=\/wp\/v2\/posts\/202620\/revisions"}],"predecessor-version":[{"id":202622,"href":"https:\/\/diarioregionaldigital.com.br\/index.php?rest_route=\/wp\/v2\/posts\/202620\/revisions\/202622"}],"wp:featuredmedia":[{"embeddable":true,"href":"https:\/\/diarioregionaldigital.com.br\/index.php?rest_route=\/wp\/v2\/media\/202621"}],"wp:attachment":[{"href":"https:\/\/diarioregionaldigital.com.br\/index.php?rest_route=%2Fwp%2Fv2%2Fmedia&parent=202620"}],"wp:term":[{"taxonomy":"category","embeddable":true,"href":"https:\/\/diarioregionaldigital.com.br\/index.php?rest_route=%2Fwp%2Fv2%2Fcategories&post=202620"},{"taxonomy":"post_tag","embeddable":true,"href":"https:\/\/diarioregionaldigital.com.br\/index.php?rest_route=%2Fwp%2Fv2%2Ftags&post=202620"}],"curies":[{"name":"wp","href":"https:\/\/api.w.org\/{rel}","templated":true}]}}