{"id":202617,"date":"2022-08-04T21:07:12","date_gmt":"2022-08-05T00:07:12","guid":{"rendered":"https:\/\/diarioregionaldigital.com.br\/?p=202617"},"modified":"2022-08-04T21:07:12","modified_gmt":"2022-08-05T00:07:12","slug":"dupla-de-marcelo-melo-avanca-a-semifinal-de-atp-250-no-mexico","status":"publish","type":"post","link":"https:\/\/diarioregionaldigital.com.br\/?p=202617","title":{"rendered":"Dupla de Marcelo Melo avan\u00e7a \u00e0 semifinal de ATP 250 no M\u00e9xico"},"content":{"rendered":"<p>O brasileiro Marcelo Melo avan\u00e7ou nesta quinta-feira (4) \u00e0 semifinal de duplas no ATP 250 de Los Cabos (M\u00e9xico). Jogando ao lado do sul-africano Raven Klassen, Melo superou a parceria do filipino Treat Huey com o norte-americano Steve Johnson por 2 sets a 0 (parciais de 6\/4 e 7\/6 (8-6).<img decoding=\"async\" src=\"https:\/\/agenciabrasil.ebc.com.br\/ebc.png?id=1474507&amp;o=node\" \/><img decoding=\"async\" src=\"https:\/\/agenciabrasil.ebc.com.br\/ebc.gif?id=1474507&amp;o=node\" \/><\/p>\n<p>A semi ser\u00e1 nesta sexta (5) contra os vencedores do duelo entre os australianos Matthew Ebden e Max Purcell contra a parceria de Tomas Martin Etcheverry (Argentina) e de Chun-Hsin Tseng (Taipei Chinesa), \u00e0s 22h (hor\u00e1rio de Bras\u00edlia) de hoje.<\/p>\n<blockquote><p>&#8220;Jogamos muito bem hoje. Jogo dur\u00edssimo para n\u00f3s. O Steve tinha acabado de ganhar na simples, vem muito bem. E conseguimos jogar bem, tamb\u00e9m, desde o come\u00e7o. Foi importante sair j\u00e1 quebrando. Depois, no segundo set, algumas oportunidades que n\u00e3o aproveitamos, mas ficamos firmes na partida. Tivemos dois match-points, eles conseguiram voltar e a\u00ed fechamos no 8 a 6 no tie-break. Foi bom para n\u00f3s\u201d, analisou Melo ap\u00f3s a partida que durou uma hora e 21 minutos.<\/p><\/blockquote>\n<p>O brasileiro ocupa atualmente a 41\u00aa posi\u00e7\u00e3o no ranking de duplas da ATP, e o parceiro sul-africano \u00a0\u00e9 o atual n\u00famero 51 do mundo. Este \u00e9 o segundo torneio em quadra dura de Melo e Klaasen, que voltaram a formar dupla neste ano \u2013 ele j\u00e1 haviam jogado juntos em 2015.<\/p>\n<p><span style=\"font-weight: 400;\">Fonte: Ag\u00eancia Brasil <\/span><\/p>\n","protected":false},"excerpt":{"rendered":"<p>O brasileiro Marcelo Melo avan\u00e7ou nesta quinta-feira (4) \u00e0 semifinal de duplas no ATP 250 de Los Cabos (M\u00e9xico). Jogando ao lado do sul-africano Raven Klassen, Melo superou a parceria do filipino Treat Huey com o norte-americano Steve Johnson por 2 sets a 0 (parciais de 6\/4 e 7\/6 (8-6). A semi ser\u00e1 nesta sexta [&hellip;]<\/p>\n","protected":false},"author":246,"featured_media":202618,"comment_status":"closed","ping_status":"closed","sticky":false,"template":"","format":"standard","meta":{"footnotes":""},"categories":[436,257,439],"tags":[],"class_list":["post-202617","post","type-post","status-publish","format-standard","has-post-thumbnail","hentry","category-destaque-da-semana","category-esporte","category-ultima-hora"],"_links":{"self":[{"href":"https:\/\/diarioregionaldigital.com.br\/index.php?rest_route=\/wp\/v2\/posts\/202617","targetHints":{"allow":["GET"]}}],"collection":[{"href":"https:\/\/diarioregionaldigital.com.br\/index.php?rest_route=\/wp\/v2\/posts"}],"about":[{"href":"https:\/\/diarioregionaldigital.com.br\/index.php?rest_route=\/wp\/v2\/types\/post"}],"author":[{"embeddable":true,"href":"https:\/\/diarioregionaldigital.com.br\/index.php?rest_route=\/wp\/v2\/users\/246"}],"replies":[{"embeddable":true,"href":"https:\/\/diarioregionaldigital.com.br\/index.php?rest_route=%2Fwp%2Fv2%2Fcomments&post=202617"}],"version-history":[{"count":1,"href":"https:\/\/diarioregionaldigital.com.br\/index.php?rest_route=\/wp\/v2\/posts\/202617\/revisions"}],"predecessor-version":[{"id":202619,"href":"https:\/\/diarioregionaldigital.com.br\/index.php?rest_route=\/wp\/v2\/posts\/202617\/revisions\/202619"}],"wp:featuredmedia":[{"embeddable":true,"href":"https:\/\/diarioregionaldigital.com.br\/index.php?rest_route=\/wp\/v2\/media\/202618"}],"wp:attachment":[{"href":"https:\/\/diarioregionaldigital.com.br\/index.php?rest_route=%2Fwp%2Fv2%2Fmedia&parent=202617"}],"wp:term":[{"taxonomy":"category","embeddable":true,"href":"https:\/\/diarioregionaldigital.com.br\/index.php?rest_route=%2Fwp%2Fv2%2Fcategories&post=202617"},{"taxonomy":"post_tag","embeddable":true,"href":"https:\/\/diarioregionaldigital.com.br\/index.php?rest_route=%2Fwp%2Fv2%2Ftags&post=202617"}],"curies":[{"name":"wp","href":"https:\/\/api.w.org\/{rel}","templated":true}]}}