{"id":202611,"date":"2022-08-04T21:00:05","date_gmt":"2022-08-05T00:00:05","guid":{"rendered":"https:\/\/diarioregionaldigital.com.br\/?p=202611"},"modified":"2022-08-04T21:00:05","modified_gmt":"2022-08-05T00:00:05","slug":"brasil-obtem-3o-lugar-inedito-nas-duplas-e-calderano-avanca-na-tunisia","status":"publish","type":"post","link":"https:\/\/diarioregionaldigital.com.br\/?p=202611","title":{"rendered":"Brasil obt\u00e9m 3\u00ba lugar in\u00e9dito nas duplas e Calderano avan\u00e7a na Tun\u00edsia"},"content":{"rendered":"<p>Apesar da derrota hoje (4) na semifinal, os\u00a0brasileiros Vitor Ishiy com Bruna Takahashi conquistou o terceiro lugar in\u00e9dito para o pa\u00eds nas duplas mistas, no WTT Contender da Tun\u00edsia, etapa do circuito mundial. O dia tamb\u00e9m foi bom para o carioca Hugo Calderano que venceu a segunda partida seguida na individual, avan\u00e7ando \u00e0s quartas de final. N\u00famero seis do mundo, o brasileiro volta a competir \u00e0s 9h35 (hor\u00e1rio de Bras\u00edlia) o taiwan\u00eas Liao Cheng-Ting (102\u00ba). O embate ter\u00e1\u00a0<a href=\"http:\/\/www.youtube.com\/worldtabletennis\">transmiss\u00e3o ao vivo<\/a>\u00a0no canal do Word Table Tennis (WTT) no YouTube.<img decoding=\"async\" src=\"https:\/\/agenciabrasil.ebc.com.br\/ebc.png?id=1474659&amp;o=node\" \/><img decoding=\"async\" src=\"https:\/\/agenciabrasil.ebc.com.br\/ebc.gif?id=1474659&amp;o=node\" \/><\/p>\n<p>A dupla Vitor e Bruna encerrou o torneio na terceira posi\u00e7\u00e3o ap\u00f3s somar uma vit\u00f3ria e uma derrota nesta quinta (4) em T\u00fanis. Ao disputar as quartas, os brasileiros despacharam os sul-coreanos Nayeong Kim e Daeseong Cho, por 3 sets a 0 (parciais de 11\/0, 11\/8 e 11\/4). Na sequ\u00eancia, foram superados na semi pelos irm\u00e3os Tomokazu e Miwa Harimoto (Jap\u00e3o), que venceram de virada por 3 sets a 1 \u00a0(11\/5, 4\/11, 5\/11 e 6\/11).<\/p>\n<p>Na disputa individual, Calderano precisou de apenas 19 minutos para selar sua segunda vit\u00f3ria seguida na Tun\u00edsia. Ele bateu o chin\u00eas Dingshuo Liu (47\u00ba no ranking), por 3 sets a 0 (parciais de 11\/2, 11\/4 e 11\/7). \u00a0Nesta sexta (5) ele ficar\u00e1 frente a frente com Liao Cheng-Ting em duelo pelas quartas. \u00a0No retrospecto de jogos dos dois, o brasileiro venceu todos.<\/p>\n<p><span style=\"font-weight: 400;\">Fonte: Ag\u00eancia Brasil <\/span><\/p>\n","protected":false},"excerpt":{"rendered":"<p>Apesar da derrota hoje (4) na semifinal, os\u00a0brasileiros Vitor Ishiy com Bruna Takahashi conquistou o terceiro lugar in\u00e9dito para o pa\u00eds nas duplas mistas, no WTT Contender da Tun\u00edsia, etapa do circuito mundial. O dia tamb\u00e9m foi bom para o carioca Hugo Calderano que venceu a segunda partida seguida na individual, avan\u00e7ando \u00e0s quartas de [&hellip;]<\/p>\n","protected":false},"author":246,"featured_media":202612,"comment_status":"closed","ping_status":"closed","sticky":false,"template":"","format":"standard","meta":{"footnotes":""},"categories":[436,440,257,439],"tags":[],"class_list":["post-202611","post","type-post","status-publish","format-standard","has-post-thumbnail","hentry","category-destaque-da-semana","category-destaques-do-dia","category-esporte","category-ultima-hora"],"_links":{"self":[{"href":"https:\/\/diarioregionaldigital.com.br\/index.php?rest_route=\/wp\/v2\/posts\/202611","targetHints":{"allow":["GET"]}}],"collection":[{"href":"https:\/\/diarioregionaldigital.com.br\/index.php?rest_route=\/wp\/v2\/posts"}],"about":[{"href":"https:\/\/diarioregionaldigital.com.br\/index.php?rest_route=\/wp\/v2\/types\/post"}],"author":[{"embeddable":true,"href":"https:\/\/diarioregionaldigital.com.br\/index.php?rest_route=\/wp\/v2\/users\/246"}],"replies":[{"embeddable":true,"href":"https:\/\/diarioregionaldigital.com.br\/index.php?rest_route=%2Fwp%2Fv2%2Fcomments&post=202611"}],"version-history":[{"count":1,"href":"https:\/\/diarioregionaldigital.com.br\/index.php?rest_route=\/wp\/v2\/posts\/202611\/revisions"}],"predecessor-version":[{"id":202613,"href":"https:\/\/diarioregionaldigital.com.br\/index.php?rest_route=\/wp\/v2\/posts\/202611\/revisions\/202613"}],"wp:featuredmedia":[{"embeddable":true,"href":"https:\/\/diarioregionaldigital.com.br\/index.php?rest_route=\/wp\/v2\/media\/202612"}],"wp:attachment":[{"href":"https:\/\/diarioregionaldigital.com.br\/index.php?rest_route=%2Fwp%2Fv2%2Fmedia&parent=202611"}],"wp:term":[{"taxonomy":"category","embeddable":true,"href":"https:\/\/diarioregionaldigital.com.br\/index.php?rest_route=%2Fwp%2Fv2%2Fcategories&post=202611"},{"taxonomy":"post_tag","embeddable":true,"href":"https:\/\/diarioregionaldigital.com.br\/index.php?rest_route=%2Fwp%2Fv2%2Ftags&post=202611"}],"curies":[{"name":"wp","href":"https:\/\/api.w.org\/{rel}","templated":true}]}}