{"id":202605,"date":"2022-08-04T20:46:20","date_gmt":"2022-08-04T23:46:20","guid":{"rendered":"https:\/\/diarioregionaldigital.com.br\/?p=202605"},"modified":"2022-08-04T20:46:20","modified_gmt":"2022-08-04T23:46:20","slug":"senado-aprova-mp-que-regulamenta-o-teletrabalho","status":"publish","type":"post","link":"https:\/\/diarioregionaldigital.com.br\/?p=202605","title":{"rendered":"Senado aprova MP que regulamenta o teletrabalho"},"content":{"rendered":"<p>O Senado aprovou hoje (3) a Medida Provis\u00f3ria (MP) 1.108\/2022, que regulamenta o teletrabalho e \u00a0altera as regras do aux\u00edlio-alimenta\u00e7\u00e3o. O texto traz a defini\u00e7\u00e3o do teletrabalho e aborda a jornada de trabalho nesse regime e diz que o aux\u00edlio-alimenta\u00e7\u00e3o ser\u00e1 destinado exclusivamente ao pagamento de refei\u00e7\u00e3o em restaurantes ou de g\u00eaneros aliment\u00edcios comprados no com\u00e9rcio. O texto segue para san\u00e7\u00e3o presidencial.<img decoding=\"async\" src=\"https:\/\/agenciabrasil.ebc.com.br\/ebc.png?id=1474428&amp;o=node\" \/><img decoding=\"async\" src=\"https:\/\/agenciabrasil.ebc.com.br\/ebc.gif?id=1474428&amp;o=node\" \/><\/p>\n<p>Entre outros pontos, a MP considera o teletrabalho ou trabalho remoto aquele que \u00e9 prestado fora das depend\u00eancias do empregador, de maneira preponderante ou n\u00e3o, com tecnologias de informa\u00e7\u00e3o e comunica\u00e7\u00e3o e que n\u00e3o se configure trabalho externo. Al\u00e9m disso, a MP diz que a negocia\u00e7\u00e3o da jornada de trabalho ocorrer\u00e1 individualmente, entre o trabalhador e o empregador.<\/p>\n<p>Os empregados em regime de teletrabalho ficam submetidos \u00e0s disposi\u00e7\u00f5es previstas na legisla\u00e7\u00e3o local e nas conven\u00e7\u00f5es e acordos coletivos de trabalho na base territorial onde o empregador contratou o trabalhador. Aprendizes e estagi\u00e1rios tamb\u00e9m poder\u00e3o fazer teletrabalho.<\/p>\n<p>A MP diz ainda que o uso de ferramentas, como e-mails, fora do hor\u00e1rio de trabalho n\u00e3o ser\u00e1 considerado como sobreaviso e que os empregadores ter\u00e3o que dar prioridade para o regime remoto aos empregados com filhos de at\u00e9 4 anos.<\/p>\n<h2>Vale-refei\u00e7\u00e3o<\/h2>\n<p>O texto restringe o uso do aux\u00edlio-alimenta\u00e7\u00e3o, ou vale-refei\u00e7\u00e3o, em restaurantes ou na compra de g\u00eaneros aliment\u00edcios comprados no com\u00e9rcio. O governo alega que a regra visa impedir que o aux\u00edlio, que tem tratamento tribut\u00e1rio favor\u00e1vel, seja destinado \u00e0 aquisi\u00e7\u00e3o de produtos n\u00e3o relacionados \u00e0 alimenta\u00e7\u00e3o.<\/p>\n<p>A medida provis\u00f3ria tamb\u00e9m pro\u00edbe as empresas de receber descontos na contrata\u00e7\u00e3o de empresas fornecedoras de t\u00edquetes de alimenta\u00e7\u00e3o. Hoje, alguns empregadores t\u00eam um abatimento no processo de contrata\u00e7\u00e3o.<\/p>\n<p><span style=\"font-weight: 400;\">Fonte: Ag\u00eancia Brasil <\/span><\/p>\n","protected":false},"excerpt":{"rendered":"<p>O Senado aprovou hoje (3) a Medida Provis\u00f3ria (MP) 1.108\/2022, que regulamenta o teletrabalho e \u00a0altera as regras do aux\u00edlio-alimenta\u00e7\u00e3o. O texto traz a defini\u00e7\u00e3o do teletrabalho e aborda a jornada de trabalho nesse regime e diz que o aux\u00edlio-alimenta\u00e7\u00e3o ser\u00e1 destinado exclusivamente ao pagamento de refei\u00e7\u00e3o em restaurantes ou de g\u00eaneros aliment\u00edcios comprados no [&hellip;]<\/p>\n","protected":false},"author":246,"featured_media":202606,"comment_status":"closed","ping_status":"closed","sticky":false,"template":"","format":"standard","meta":{"footnotes":""},"categories":[436,254,439],"tags":[],"class_list":["post-202605","post","type-post","status-publish","format-standard","has-post-thumbnail","hentry","category-destaque-da-semana","category-politica","category-ultima-hora"],"_links":{"self":[{"href":"https:\/\/diarioregionaldigital.com.br\/index.php?rest_route=\/wp\/v2\/posts\/202605","targetHints":{"allow":["GET"]}}],"collection":[{"href":"https:\/\/diarioregionaldigital.com.br\/index.php?rest_route=\/wp\/v2\/posts"}],"about":[{"href":"https:\/\/diarioregionaldigital.com.br\/index.php?rest_route=\/wp\/v2\/types\/post"}],"author":[{"embeddable":true,"href":"https:\/\/diarioregionaldigital.com.br\/index.php?rest_route=\/wp\/v2\/users\/246"}],"replies":[{"embeddable":true,"href":"https:\/\/diarioregionaldigital.com.br\/index.php?rest_route=%2Fwp%2Fv2%2Fcomments&post=202605"}],"version-history":[{"count":1,"href":"https:\/\/diarioregionaldigital.com.br\/index.php?rest_route=\/wp\/v2\/posts\/202605\/revisions"}],"predecessor-version":[{"id":202607,"href":"https:\/\/diarioregionaldigital.com.br\/index.php?rest_route=\/wp\/v2\/posts\/202605\/revisions\/202607"}],"wp:featuredmedia":[{"embeddable":true,"href":"https:\/\/diarioregionaldigital.com.br\/index.php?rest_route=\/wp\/v2\/media\/202606"}],"wp:attachment":[{"href":"https:\/\/diarioregionaldigital.com.br\/index.php?rest_route=%2Fwp%2Fv2%2Fmedia&parent=202605"}],"wp:term":[{"taxonomy":"category","embeddable":true,"href":"https:\/\/diarioregionaldigital.com.br\/index.php?rest_route=%2Fwp%2Fv2%2Fcategories&post=202605"},{"taxonomy":"post_tag","embeddable":true,"href":"https:\/\/diarioregionaldigital.com.br\/index.php?rest_route=%2Fwp%2Fv2%2Ftags&post=202605"}],"curies":[{"name":"wp","href":"https:\/\/api.w.org\/{rel}","templated":true}]}}