{"id":202602,"date":"2022-08-04T20:44:17","date_gmt":"2022-08-04T23:44:17","guid":{"rendered":"https:\/\/diarioregionaldigital.com.br\/?p=202602"},"modified":"2022-08-04T20:44:17","modified_gmt":"2022-08-04T23:44:17","slug":"andre-janones-desiste-de-candidatura-presidencial-e-apoiara-lula","status":"publish","type":"post","link":"https:\/\/diarioregionaldigital.com.br\/?p=202602","title":{"rendered":"Andr\u00e9 Janones desiste de candidatura presidencial e apoiar\u00e1 Lula"},"content":{"rendered":"<p>O deputado federal Andr\u00e9 Janones (Avante-MG) oficializou nesta\u00a0quinta-feira (4) que saiu da disputa \u00e0 Presid\u00eancia da Rep\u00fablica para apoiar o ex-presidente Luiz In\u00e1cio Lula da Silva (PT). O an\u00fancio foi feito durante transmiss\u00e3o nas redes sociais do parlamentar, ao lado do ex-presidente.\u00a0<img decoding=\"async\" src=\"https:\/\/agenciabrasil.ebc.com.br\/ebc.png?id=1474637&amp;o=node\" \/><img decoding=\"async\" src=\"https:\/\/agenciabrasil.ebc.com.br\/ebc.gif?id=1474637&amp;o=node\" \/><\/p>\n<p>&#8220;Lula est\u00e1 encampando as nossas propostas pelo aux\u00edlio. Voc\u00eas sabem que o Aux\u00edlio Emergencial foi a grande marca do nosso mandato at\u00e9 aqui, a luta para que o o aux\u00edlio permanecesse em R$ 600&#8221;, afirmou Janones, ao justificar a desist\u00eancia e o novo apoio. Segundo ele, ao retirar a candidatura, ela se unifica e passa a ser representada pela candidatura do ex-presidente.<\/p>\n<p>&#8220;N\u00f3s precisamos criar condi\u00e7\u00f5es de dizer que um dia esse pa\u00eds vai levantar e n\u00e3o vai\u00a0ter\u00a0ningu\u00e9m com fome&#8221;, disse Lula, ao refor\u00e7ar\u00a0o combate \u00e0 fome como bandeira de campanha.<\/p>\n<p>Com forte presen\u00e7a nas redes sociais, Janones agora deve colaborar principalmente no n\u00facleo digital da campanha petista. Natural de\u00a0Ituiutaba (MG), Andr\u00e9 Janones ganhou notoriedade durante a greve dos caminhoneiros, em 2018. Nas elei\u00e7\u00f5es daquele ano, acabou sendo eleito o terceiro deputado mais federal mais votado em Minas Gerais.<\/p>\n<p><span style=\"font-weight: 400;\"><br \/>\n<\/span><span style=\"font-weight: 400;\">Fonte: Ag\u00eancia Brasil <\/span><\/p>\n","protected":false},"excerpt":{"rendered":"<p>O deputado federal Andr\u00e9 Janones (Avante-MG) oficializou nesta\u00a0quinta-feira (4) que saiu da disputa \u00e0 Presid\u00eancia da Rep\u00fablica para apoiar o ex-presidente Luiz In\u00e1cio Lula da Silva (PT). O an\u00fancio foi feito durante transmiss\u00e3o nas redes sociais do parlamentar, ao lado do ex-presidente.\u00a0 &#8220;Lula est\u00e1 encampando as nossas propostas pelo aux\u00edlio. Voc\u00eas sabem que o Aux\u00edlio [&hellip;]<\/p>\n","protected":false},"author":246,"featured_media":202603,"comment_status":"closed","ping_status":"closed","sticky":false,"template":"","format":"standard","meta":{"footnotes":""},"categories":[436,254,439],"tags":[],"class_list":["post-202602","post","type-post","status-publish","format-standard","has-post-thumbnail","hentry","category-destaque-da-semana","category-politica","category-ultima-hora"],"_links":{"self":[{"href":"https:\/\/diarioregionaldigital.com.br\/index.php?rest_route=\/wp\/v2\/posts\/202602","targetHints":{"allow":["GET"]}}],"collection":[{"href":"https:\/\/diarioregionaldigital.com.br\/index.php?rest_route=\/wp\/v2\/posts"}],"about":[{"href":"https:\/\/diarioregionaldigital.com.br\/index.php?rest_route=\/wp\/v2\/types\/post"}],"author":[{"embeddable":true,"href":"https:\/\/diarioregionaldigital.com.br\/index.php?rest_route=\/wp\/v2\/users\/246"}],"replies":[{"embeddable":true,"href":"https:\/\/diarioregionaldigital.com.br\/index.php?rest_route=%2Fwp%2Fv2%2Fcomments&post=202602"}],"version-history":[{"count":1,"href":"https:\/\/diarioregionaldigital.com.br\/index.php?rest_route=\/wp\/v2\/posts\/202602\/revisions"}],"predecessor-version":[{"id":202604,"href":"https:\/\/diarioregionaldigital.com.br\/index.php?rest_route=\/wp\/v2\/posts\/202602\/revisions\/202604"}],"wp:featuredmedia":[{"embeddable":true,"href":"https:\/\/diarioregionaldigital.com.br\/index.php?rest_route=\/wp\/v2\/media\/202603"}],"wp:attachment":[{"href":"https:\/\/diarioregionaldigital.com.br\/index.php?rest_route=%2Fwp%2Fv2%2Fmedia&parent=202602"}],"wp:term":[{"taxonomy":"category","embeddable":true,"href":"https:\/\/diarioregionaldigital.com.br\/index.php?rest_route=%2Fwp%2Fv2%2Fcategories&post=202602"},{"taxonomy":"post_tag","embeddable":true,"href":"https:\/\/diarioregionaldigital.com.br\/index.php?rest_route=%2Fwp%2Fv2%2Ftags&post=202602"}],"curies":[{"name":"wp","href":"https:\/\/api.w.org\/{rel}","templated":true}]}}